{"id":2925,"date":"2023-02-12T09:58:45","date_gmt":"2023-02-12T08:58:45","guid":{"rendered":"http:\/\/www.printempsdesfragilites.com\/?p=2925"},"modified":"2024-10-06T17:15:52","modified_gmt":"2024-10-06T15:15:52","slug":"societe-de-saint-vincent-de-paul","status":"publish","type":"post","link":"https:\/\/www.printempsdesfragilites.com\/index.php\/2023\/02\/12\/societe-de-saint-vincent-de-paul\/","title":{"rendered":"Soci\u00e9t\u00e9 de Saint-Vincent-de-Paul"},"content":{"rendered":"\n<figure class=\"wp-block-image size-full is-resized\"><img loading=\"lazy\" decoding=\"async\" src=\"http:\/\/www.printempsdesfragilites.com\/wp-content\/uploads\/2021\/04\/Saint-Vincent-de-Paul-Logo-e1619276397984.jpg\" alt=\"\" class=\"wp-image-1594\" width=\"309\" height=\"106\" srcset=\"https:\/\/www.printempsdesfragilites.com\/wp-content\/uploads\/2021\/04\/Saint-Vincent-de-Paul-Logo-e1619276397984.jpg 547w, https:\/\/www.printempsdesfragilites.com\/wp-content\/uploads\/2021\/04\/Saint-Vincent-de-Paul-Logo-e1619276397984-300x103.jpg 300w\" sizes=\"auto, (max-width: 309px) 100vw, 309px\" \/><\/figure>\n\n\n\n<p>L\u2019association propose des visites \u00e0 domicile. Une \u00e9coute est primordiale pour orienter les actions vers des aides mat\u00e9rielles (alimentaires, vestimentaires, mobilier, h\u00e9bergement), mais surtout \u00e0 travers une vraie relation humaine. Les structures mises en place (espace d\u2019accueil, vestiaire, \u00e9picerie solidaire, banque de meubles, h\u00f4tel social) fonctionnent gr\u00e2ce aux contributions des membres, des dons et legs, des subventions, des produits des ventes.<\/p>\n\n\n\n<p><strong><mark style=\"background-color:rgba(0, 0, 0, 0);color:#e54600\" class=\"has-inline-color\">Plus d\u2019info &gt;<\/mark> <a rel=\"noreferrer noopener\" href=\"https:\/\/www.ssvp.fr\/reseau\/ssvp-de-loire-atlantique\" target=\"_blank\">Soci\u00e9t\u00e9 de Saint-Vincent-de-Paul<\/a><\/strong><\/p>\n","protected":false},"excerpt":{"rendered":"<p>L\u2019association propose des visites \u00e0 domicile. Une \u00e9coute est primordiale pour orienter les actions vers des aides mat\u00e9rielles (alimentaires, vestimentaires, mobilier, h\u00e9bergement), mais surtout \u00e0 travers une vraie relation humaine. Les structures mises en place (espace d\u2019accueil, vestiaire, \u00e9picerie solidaire, banque de meubles, h\u00f4tel social) fonctionnent gr\u00e2ce aux contributions des membres, des dons et legs, [&hellip;]<\/p>\n","protected":false},"author":4,"featured_media":1594,"comment_status":"closed","ping_status":"closed","sticky":false,"template":"","format":"standard","meta":{"footnotes":""},"categories":[37,41],"tags":[],"class_list":["post-2925","post","type-post","status-publish","format-standard","has-post-thumbnail","hentry","category-association","category-partage-et-convivialite"],"_links":{"self":[{"href":"https:\/\/www.printempsdesfragilites.com\/index.php\/wp-json\/wp\/v2\/posts\/2925","targetHints":{"allow":["GET"]}}],"collection":[{"href":"https:\/\/www.printempsdesfragilites.com\/index.php\/wp-json\/wp\/v2\/posts"}],"about":[{"href":"https:\/\/www.printempsdesfragilites.com\/index.php\/wp-json\/wp\/v2\/types\/post"}],"author":[{"embeddable":true,"href":"https:\/\/www.printempsdesfragilites.com\/index.php\/wp-json\/wp\/v2\/users\/4"}],"replies":[{"embeddable":true,"href":"https:\/\/www.printempsdesfragilites.com\/index.php\/wp-json\/wp\/v2\/comments?post=2925"}],"version-history":[{"count":3,"href":"https:\/\/www.printempsdesfragilites.com\/index.php\/wp-json\/wp\/v2\/posts\/2925\/revisions"}],"predecessor-version":[{"id":3241,"href":"https:\/\/www.printempsdesfragilites.com\/index.php\/wp-json\/wp\/v2\/posts\/2925\/revisions\/3241"}],"wp:featuredmedia":[{"embeddable":true,"href":"https:\/\/www.printempsdesfragilites.com\/index.php\/wp-json\/wp\/v2\/media\/1594"}],"wp:attachment":[{"href":"https:\/\/www.printempsdesfragilites.com\/index.php\/wp-json\/wp\/v2\/media?parent=2925"}],"wp:term":[{"taxonomy":"category","embeddable":true,"href":"https:\/\/www.printempsdesfragilites.com\/index.php\/wp-json\/wp\/v2\/categories?post=2925"},{"taxonomy":"post_tag","embeddable":true,"href":"https:\/\/www.printempsdesfragilites.com\/index.php\/wp-json\/wp\/v2\/tags?post=2925"}],"curies":[{"name":"wp","href":"https:\/\/api.w.org\/{rel}","templated":true}]}}