{"id":2931,"date":"2023-02-12T10:24:22","date_gmt":"2023-02-12T09:24:22","guid":{"rendered":"http:\/\/www.printempsdesfragilites.com\/?p=2931"},"modified":"2025-02-09T10:33:19","modified_gmt":"2025-02-09T09:33:19","slug":"regarts","status":"publish","type":"post","link":"https:\/\/www.printempsdesfragilites.com\/index.php\/2023\/02\/12\/regarts\/","title":{"rendered":"Regart&#8217;s"},"content":{"rendered":"\n<figure class=\"wp-block-image size-full is-resized\"><img loading=\"lazy\" decoding=\"async\" src=\"http:\/\/www.printempsdesfragilites.com\/wp-content\/uploads\/2023\/03\/logo-Regarts.png\" alt=\"\" class=\"wp-image-3262\" width=\"168\" height=\"112\" srcset=\"https:\/\/www.printempsdesfragilites.com\/wp-content\/uploads\/2023\/03\/logo-Regarts.png 301w, https:\/\/www.printempsdesfragilites.com\/wp-content\/uploads\/2023\/03\/logo-Regarts-212x140.png 212w\" sizes=\"auto, (max-width: 168px) 100vw, 168px\" \/><\/figure>\n\n\n\n<p>Association porteuse de valeur d\u2019humanisme. Nous essayons, depuis plus de 16 ans, de construire une soci\u00e9t\u00e9 plus digne, plus juste et plus solidaire. Regart\u2019s a plusieurs objectifs&nbsp;:&nbsp;son institut de beaut\u00e9 social, son centre de loisirs, apporter du bien-\u00eatre et des loisirs \u00e0 moindre co\u00fbt pour tous, faire vivre le quartier de Bellevue par des manifestations et des animations pour \u00eatre au plus pr\u00e8s des habitants, accompagner les personnes fragilis\u00e9es, tisser du lien, favoris\u00e9 la mixit\u00e9 sociale en impliquant la population dans la vie de leur quartier, mettre en place des dispositifs d\u2019accompagnement des primo-arrivants.<\/p>\n\n\n\n<p><strong><mark style=\"background-color:rgba(0, 0, 0, 0);color:#e54600\" class=\"has-inline-color\">Plus d\u2019info &gt;<\/mark> <a rel=\"noreferrer noopener\" href=\"https:\/\/www.associationregartsnantes.org\/\" target=\"_blank\">Regart&#8217;s Nantes<\/a><\/strong><\/p>\n","protected":false},"excerpt":{"rendered":"<p>Association porteuse de valeur d\u2019humanisme. Nous essayons, depuis plus de 16 ans, de construire une soci\u00e9t\u00e9 plus digne, plus juste et plus solidaire. Regart\u2019s a plusieurs objectifs&nbsp;:&nbsp;son institut de beaut\u00e9 social, son centre de loisirs, apporter du bien-\u00eatre et des loisirs \u00e0 moindre co\u00fbt pour tous, faire vivre le quartier de Bellevue par des manifestations [&hellip;]<\/p>\n","protected":false},"author":4,"featured_media":3262,"comment_status":"closed","ping_status":"closed","sticky":false,"template":"","format":"standard","meta":{"footnotes":""},"categories":[37,39],"tags":[],"class_list":["post-2931","post","type-post","status-publish","format-standard","has-post-thumbnail","hentry","category-association","category-sourire"],"_links":{"self":[{"href":"https:\/\/www.printempsdesfragilites.com\/index.php\/wp-json\/wp\/v2\/posts\/2931","targetHints":{"allow":["GET"]}}],"collection":[{"href":"https:\/\/www.printempsdesfragilites.com\/index.php\/wp-json\/wp\/v2\/posts"}],"about":[{"href":"https:\/\/www.printempsdesfragilites.com\/index.php\/wp-json\/wp\/v2\/types\/post"}],"author":[{"embeddable":true,"href":"https:\/\/www.printempsdesfragilites.com\/index.php\/wp-json\/wp\/v2\/users\/4"}],"replies":[{"embeddable":true,"href":"https:\/\/www.printempsdesfragilites.com\/index.php\/wp-json\/wp\/v2\/comments?post=2931"}],"version-history":[{"count":3,"href":"https:\/\/www.printempsdesfragilites.com\/index.php\/wp-json\/wp\/v2\/posts\/2931\/revisions"}],"predecessor-version":[{"id":3263,"href":"https:\/\/www.printempsdesfragilites.com\/index.php\/wp-json\/wp\/v2\/posts\/2931\/revisions\/3263"}],"wp:featuredmedia":[{"embeddable":true,"href":"https:\/\/www.printempsdesfragilites.com\/index.php\/wp-json\/wp\/v2\/media\/3262"}],"wp:attachment":[{"href":"https:\/\/www.printempsdesfragilites.com\/index.php\/wp-json\/wp\/v2\/media?parent=2931"}],"wp:term":[{"taxonomy":"category","embeddable":true,"href":"https:\/\/www.printempsdesfragilites.com\/index.php\/wp-json\/wp\/v2\/categories?post=2931"},{"taxonomy":"post_tag","embeddable":true,"href":"https:\/\/www.printempsdesfragilites.com\/index.php\/wp-json\/wp\/v2\/tags?post=2931"}],"curies":[{"name":"wp","href":"https:\/\/api.w.org\/{rel}","templated":true}]}}