{"id":2963,"date":"2023-02-12T10:40:54","date_gmt":"2023-02-12T09:40:54","guid":{"rendered":"http:\/\/www.printempsdesfragilites.com\/?p=2963"},"modified":"2024-10-24T20:59:08","modified_gmt":"2024-10-24T18:59:08","slug":"pastorale-des-migrants","status":"publish","type":"post","link":"https:\/\/www.printempsdesfragilites.com\/index.php\/2023\/02\/12\/pastorale-des-migrants\/","title":{"rendered":"Pastorale des Migrants"},"content":{"rendered":"\n<figure class=\"wp-block-image size-full is-resized\"><img loading=\"lazy\" decoding=\"async\" width=\"900\" height=\"600\" src=\"http:\/\/www.printempsdesfragilites.com\/wp-content\/uploads\/2024\/10\/logo-diocese-nantes-2024_PASTO-MIGRANTS.png\" alt=\"\" class=\"wp-image-4692\" style=\"width:auto;height:110px\" srcset=\"https:\/\/www.printempsdesfragilites.com\/wp-content\/uploads\/2024\/10\/logo-diocese-nantes-2024_PASTO-MIGRANTS.png 900w, https:\/\/www.printempsdesfragilites.com\/wp-content\/uploads\/2024\/10\/logo-diocese-nantes-2024_PASTO-MIGRANTS-300x200.png 300w, https:\/\/www.printempsdesfragilites.com\/wp-content\/uploads\/2024\/10\/logo-diocese-nantes-2024_PASTO-MIGRANTS-768x512.png 768w, https:\/\/www.printempsdesfragilites.com\/wp-content\/uploads\/2024\/10\/logo-diocese-nantes-2024_PASTO-MIGRANTS-212x140.png 212w\" sizes=\"auto, (max-width: 900px) 100vw, 900px\" \/><\/figure>\n\n\n\n<p>Ce service du dioc\u00e8se de Nantes a pour missions d&#8217;accueillir, \u00e9couter, soutenir, accompagner humainement, spirituellement, administrativement,&nbsp; les migrants quelle que soit leur situation, qu\u2019ils soient ou non croyants. Soutenir les communaut\u00e9s catholiques issues de l\u2019immigration afin qu\u2019elles trouvent leur place dans l\u2019\u00c9glise dioc\u00e9saine et qu\u2019elles puissent y exprimer leur originalit\u00e9 et leur richesse. Sensibiliser les communaut\u00e9s catholiques locales \u00e0 l\u2019accueil de ces fr\u00e8res \u00e9trangers, notamment par la c\u00e9l\u00e9bration de la Journ\u00e9e Mondiale du Migrant et du R\u00e9fugi\u00e9. Favoriser le \u00ab vivre ensemble \u00bb dans les quartiers et l\u2019\u00e9change dans le respect de nos diff\u00e9rences de culture et de religion.<\/p>\n\n\n\n<p><strong><mark style=\"background-color:rgba(0, 0, 0, 0);color:#e54600\" class=\"has-inline-color\">Plus d\u2019info &gt;<\/mark> <a href=\"https:\/\/diocese44.fr\/les-services-pastoraux\/pastorale-des-migrants\/\" target=\"_blank\" rel=\"noreferrer noopener\">Pastorale des Migrants<\/a><\/strong><\/p>\n","protected":false},"excerpt":{"rendered":"<p>Ce service du dioc\u00e8se de Nantes a pour missions d&#8217;accueillir, \u00e9couter, soutenir, accompagner humainement, spirituellement, administrativement,&nbsp; les migrants quelle que soit leur situation, qu\u2019ils soient ou non croyants. Soutenir les communaut\u00e9s catholiques issues de l\u2019immigration afin qu\u2019elles trouvent leur place dans l\u2019\u00c9glise dioc\u00e9saine et qu\u2019elles puissent y exprimer leur originalit\u00e9 et leur richesse. Sensibiliser les [&hellip;]<\/p>\n","protected":false},"author":4,"featured_media":4692,"comment_status":"closed","ping_status":"closed","sticky":false,"template":"","format":"standard","meta":{"footnotes":""},"categories":[37,44],"tags":[],"class_list":["post-2963","post","type-post","status-publish","format-standard","has-post-thumbnail","hentry","category-association","category-fraternite-dans-la-societe-solidarite"],"_links":{"self":[{"href":"https:\/\/www.printempsdesfragilites.com\/index.php\/wp-json\/wp\/v2\/posts\/2963","targetHints":{"allow":["GET"]}}],"collection":[{"href":"https:\/\/www.printempsdesfragilites.com\/index.php\/wp-json\/wp\/v2\/posts"}],"about":[{"href":"https:\/\/www.printempsdesfragilites.com\/index.php\/wp-json\/wp\/v2\/types\/post"}],"author":[{"embeddable":true,"href":"https:\/\/www.printempsdesfragilites.com\/index.php\/wp-json\/wp\/v2\/users\/4"}],"replies":[{"embeddable":true,"href":"https:\/\/www.printempsdesfragilites.com\/index.php\/wp-json\/wp\/v2\/comments?post=2963"}],"version-history":[{"count":3,"href":"https:\/\/www.printempsdesfragilites.com\/index.php\/wp-json\/wp\/v2\/posts\/2963\/revisions"}],"predecessor-version":[{"id":4694,"href":"https:\/\/www.printempsdesfragilites.com\/index.php\/wp-json\/wp\/v2\/posts\/2963\/revisions\/4694"}],"wp:featuredmedia":[{"embeddable":true,"href":"https:\/\/www.printempsdesfragilites.com\/index.php\/wp-json\/wp\/v2\/media\/4692"}],"wp:attachment":[{"href":"https:\/\/www.printempsdesfragilites.com\/index.php\/wp-json\/wp\/v2\/media?parent=2963"}],"wp:term":[{"taxonomy":"category","embeddable":true,"href":"https:\/\/www.printempsdesfragilites.com\/index.php\/wp-json\/wp\/v2\/categories?post=2963"},{"taxonomy":"post_tag","embeddable":true,"href":"https:\/\/www.printempsdesfragilites.com\/index.php\/wp-json\/wp\/v2\/tags?post=2963"}],"curies":[{"name":"wp","href":"https:\/\/api.w.org\/{rel}","templated":true}]}}