{"id":2989,"date":"2023-02-12T11:07:53","date_gmt":"2023-02-12T10:07:53","guid":{"rendered":"http:\/\/www.printempsdesfragilites.com\/?p=2989"},"modified":"2024-10-06T17:12:56","modified_gmt":"2024-10-06T15:12:56","slug":"la-maison-des-familles","status":"publish","type":"post","link":"https:\/\/www.printempsdesfragilites.com\/index.php\/2023\/02\/12\/la-maison-des-familles\/","title":{"rendered":"La Maison des Familles"},"content":{"rendered":"\n<figure class=\"wp-block-image size-large is-resized\"><img loading=\"lazy\" decoding=\"async\" src=\"http:\/\/www.printempsdesfragilites.com\/wp-content\/uploads\/2021\/04\/LOGO_MAISON_DES_FAMILLES_CMJN-1024x543.jpg\" alt=\"\" class=\"wp-image-1572\" width=\"200\" height=\"106\" srcset=\"https:\/\/www.printempsdesfragilites.com\/wp-content\/uploads\/2021\/04\/LOGO_MAISON_DES_FAMILLES_CMJN-1024x543.jpg 1024w, https:\/\/www.printempsdesfragilites.com\/wp-content\/uploads\/2021\/04\/LOGO_MAISON_DES_FAMILLES_CMJN-300x159.jpg 300w, https:\/\/www.printempsdesfragilites.com\/wp-content\/uploads\/2021\/04\/LOGO_MAISON_DES_FAMILLES_CMJN-768x407.jpg 768w, https:\/\/www.printempsdesfragilites.com\/wp-content\/uploads\/2021\/04\/LOGO_MAISON_DES_FAMILLES_CMJN-1536x815.jpg 1536w, https:\/\/www.printempsdesfragilites.com\/wp-content\/uploads\/2021\/04\/LOGO_MAISON_DES_FAMILLES_CMJN-2048x1086.jpg 2048w\" sizes=\"auto, (max-width: 200px) 100vw, 200px\" \/><\/figure>\n\n\n\n<p>La Maison des Familles, est un lieu d\u2019accueil et d\u2019\u00e9change pour les familles, o\u00f9 chacun peut partager son exp\u00e9rience, s\u2019enrichir de celles des autres et trouver un soutien. Elle propose un espace de vivre ensemble reposant sur la solidarit\u00e9, l\u2019entraide, le soutien, l\u2019implication et la valorisation des exp\u00e9riences parentales.<\/p>\n\n\n\n<p><strong><mark style=\"background-color:rgba(0, 0, 0, 0);color:#e54600\" class=\"has-inline-color\">Plus d\u2019info &gt;<\/mark> <a href=\"https:\/\/www.maisondesfamilles.fr\/\" target=\"_blank\" rel=\"noreferrer noopener\">La Maison des Familles<\/a><\/strong><\/p>\n","protected":false},"excerpt":{"rendered":"<p>La Maison des Familles, est un lieu d\u2019accueil et d\u2019\u00e9change pour les familles, o\u00f9 chacun peut partager son exp\u00e9rience, s\u2019enrichir de celles des autres et trouver un soutien. Elle propose un espace de vivre ensemble reposant sur la solidarit\u00e9, l\u2019entraide, le soutien, l\u2019implication et la valorisation des exp\u00e9riences parentales. Plus d\u2019info &gt; La Maison des [&hellip;]<\/p>\n","protected":false},"author":4,"featured_media":1572,"comment_status":"closed","ping_status":"closed","sticky":false,"template":"","format":"standard","meta":{"footnotes":""},"categories":[37,38],"tags":[],"class_list":["post-2989","post","type-post","status-publish","format-standard","has-post-thumbnail","hentry","category-association","category-ecoute-et-partage"],"_links":{"self":[{"href":"https:\/\/www.printempsdesfragilites.com\/index.php\/wp-json\/wp\/v2\/posts\/2989","targetHints":{"allow":["GET"]}}],"collection":[{"href":"https:\/\/www.printempsdesfragilites.com\/index.php\/wp-json\/wp\/v2\/posts"}],"about":[{"href":"https:\/\/www.printempsdesfragilites.com\/index.php\/wp-json\/wp\/v2\/types\/post"}],"author":[{"embeddable":true,"href":"https:\/\/www.printempsdesfragilites.com\/index.php\/wp-json\/wp\/v2\/users\/4"}],"replies":[{"embeddable":true,"href":"https:\/\/www.printempsdesfragilites.com\/index.php\/wp-json\/wp\/v2\/comments?post=2989"}],"version-history":[{"count":2,"href":"https:\/\/www.printempsdesfragilites.com\/index.php\/wp-json\/wp\/v2\/posts\/2989\/revisions"}],"predecessor-version":[{"id":3242,"href":"https:\/\/www.printempsdesfragilites.com\/index.php\/wp-json\/wp\/v2\/posts\/2989\/revisions\/3242"}],"wp:featuredmedia":[{"embeddable":true,"href":"https:\/\/www.printempsdesfragilites.com\/index.php\/wp-json\/wp\/v2\/media\/1572"}],"wp:attachment":[{"href":"https:\/\/www.printempsdesfragilites.com\/index.php\/wp-json\/wp\/v2\/media?parent=2989"}],"wp:term":[{"taxonomy":"category","embeddable":true,"href":"https:\/\/www.printempsdesfragilites.com\/index.php\/wp-json\/wp\/v2\/categories?post=2989"},{"taxonomy":"post_tag","embeddable":true,"href":"https:\/\/www.printempsdesfragilites.com\/index.php\/wp-json\/wp\/v2\/tags?post=2989"}],"curies":[{"name":"wp","href":"https:\/\/api.w.org\/{rel}","templated":true}]}}