{"id":3023,"date":"2023-02-12T12:59:29","date_gmt":"2023-02-12T11:59:29","guid":{"rendered":"http:\/\/www.printempsdesfragilites.com\/?p=3023"},"modified":"2024-10-24T21:05:51","modified_gmt":"2024-10-24T19:05:51","slug":"leternel-ephemere","status":"publish","type":"post","link":"https:\/\/www.printempsdesfragilites.com\/index.php\/2023\/02\/12\/leternel-ephemere\/","title":{"rendered":"L\u2019\u00c9ternel \u00e9ph\u00e9m\u00e8re"},"content":{"rendered":"\n<figure class=\"wp-block-image size-full\"><img loading=\"lazy\" decoding=\"async\" width=\"354\" height=\"79\" src=\"http:\/\/www.printempsdesfragilites.com\/wp-content\/uploads\/2020\/03\/8_e\u0301ternel-e\u0301phe\u0301me\u0300re.jpg\" alt=\"\" class=\"wp-image-554\" srcset=\"https:\/\/www.printempsdesfragilites.com\/wp-content\/uploads\/2020\/03\/8_e\u0301ternel-e\u0301phe\u0301me\u0300re.jpg 354w, https:\/\/www.printempsdesfragilites.com\/wp-content\/uploads\/2020\/03\/8_e\u0301ternel-e\u0301phe\u0301me\u0300re-300x67.jpg 300w\" sizes=\"auto, (max-width: 354px) 100vw, 354px\" \/><\/figure>\n\n\n\n<p><strong>L&#8217;\u00e9ternel \u00e9ph\u00e9m\u00e8re<\/strong> r\u00e9git l&#8217;\u00e9v\u00e9nement culturel nantais <strong>Les Art&#8217;Sc\u00e8nes<\/strong>.<\/p>\n\n\n\n<figure class=\"wp-block-image size-full is-resized\"><img loading=\"lazy\" decoding=\"async\" width=\"685\" height=\"119\" src=\"http:\/\/www.printempsdesfragilites.com\/wp-content\/uploads\/2021\/04\/arts-scenes.jpg\" alt=\"\" class=\"wp-image-1557\" style=\"width:264px;height:46px\" srcset=\"https:\/\/www.printempsdesfragilites.com\/wp-content\/uploads\/2021\/04\/arts-scenes.jpg 685w, https:\/\/www.printempsdesfragilites.com\/wp-content\/uploads\/2021\/04\/arts-scenes-300x52.jpg 300w\" sizes=\"auto, (max-width: 685px) 100vw, 685px\" \/><\/figure>\n\n\n\n<p>Dans une volont\u00e9 de transmission au b\u00e9n\u00e9fice de tous, des artistes et p\u00e9dagogues de renom investissent des lieux, souvent atypiques, de Nantes et sa r\u00e9gion. Th\u00e9\u00e2tre et chant : master classes ouvertes gratuitement au public, spectacles, ateliers&#8230;<br>L\u2019\u00e9volution du projet a favoris\u00e9, au fil des \u00e9ditions, le d\u00e9veloppement d\u2019une politique volontariste en direction d\u2019un public souvent \u00e9loign\u00e9 de la culture.<br>Elle a \u00e9galement permis de fid\u00e9liser et d\u2019augmenter le nombre de spectateurs, tant dans les manifestations publiques gratuites que dans les spectacles payants.<br>Poursuivre une politique d\u2019acc\u00e8s du plus grand nombre par la gratuit\u00e9 de nombreux spectacles et une politique tarifaire avantageuse.<br>Les Art\u2019Sc\u00e8nes favorisent la d\u00e9couverte de talents et promeut de jeunes artistes de la r\u00e9gion.<br><br>CREER : Produire des spectacles de chant lyrique et\/ou de th\u00e9\u00e2tre, dans des lieux parfois atypiques (lieux publics, \u00e9tablissements scolaires, parcs et jardins, mus\u00e9es, commerces&#8230;) en favorisant la d\u00e9couverte d\u2019un autre patrimoine.<br><br>FORMER : Former, par le biais de master classes, de jeunes artistes professionnels, mais aussi les publics pr\u00e9sents. Programmer des ateliers pour encourager les pratiques amateurs.<br>Intervenir, par une p\u00e9dagogie adapt\u00e9e, dans le secteur scolaire sp\u00e9cialis\u00e9, secteur social, m\u00e9dico-social et judiciaire, aupr\u00e8s de personnes en situation de pr\u00e9carit\u00e9.<\/p>\n\n\n\n<p><strong><mark style=\"background-color:rgba(0, 0, 0, 0);color:#e54600\" class=\"has-inline-color\">Plus d\u2019info ><\/mark> <\/strong><a href=\"https:\/\/www.lesartscenes.fr\/\" data-type=\"link\" data-id=\"https:\/\/www.lesartscenes.fr\/\" target=\"_blank\" rel=\"noreferrer noopener\"><strong>Les Art&#8217;Sc\u00e8nes<\/strong><\/a><\/p>\n\n\n\n<p><\/p>\n","protected":false},"excerpt":{"rendered":"<p>L&#8217;\u00e9ternel \u00e9ph\u00e9m\u00e8re r\u00e9git l&#8217;\u00e9v\u00e9nement culturel nantais Les Art&#8217;Sc\u00e8nes. Dans une volont\u00e9 de transmission au b\u00e9n\u00e9fice de tous, des artistes et p\u00e9dagogues de renom investissent des lieux, souvent atypiques, de Nantes et sa r\u00e9gion. Th\u00e9\u00e2tre et chant : master classes ouvertes gratuitement au public, spectacles, ateliers&#8230;L\u2019\u00e9volution du projet a favoris\u00e9, au fil des \u00e9ditions, le d\u00e9veloppement [&hellip;]<\/p>\n","protected":false},"author":4,"featured_media":554,"comment_status":"closed","ping_status":"closed","sticky":false,"template":"","format":"standard","meta":{"footnotes":""},"categories":[37,40],"tags":[],"class_list":["post-3023","post","type-post","status-publish","format-standard","has-post-thumbnail","hentry","category-association","category-developpement-de-la-personne"],"_links":{"self":[{"href":"https:\/\/www.printempsdesfragilites.com\/index.php\/wp-json\/wp\/v2\/posts\/3023","targetHints":{"allow":["GET"]}}],"collection":[{"href":"https:\/\/www.printempsdesfragilites.com\/index.php\/wp-json\/wp\/v2\/posts"}],"about":[{"href":"https:\/\/www.printempsdesfragilites.com\/index.php\/wp-json\/wp\/v2\/types\/post"}],"author":[{"embeddable":true,"href":"https:\/\/www.printempsdesfragilites.com\/index.php\/wp-json\/wp\/v2\/users\/4"}],"replies":[{"embeddable":true,"href":"https:\/\/www.printempsdesfragilites.com\/index.php\/wp-json\/wp\/v2\/comments?post=3023"}],"version-history":[{"count":5,"href":"https:\/\/www.printempsdesfragilites.com\/index.php\/wp-json\/wp\/v2\/posts\/3023\/revisions"}],"predecessor-version":[{"id":4696,"href":"https:\/\/www.printempsdesfragilites.com\/index.php\/wp-json\/wp\/v2\/posts\/3023\/revisions\/4696"}],"wp:featuredmedia":[{"embeddable":true,"href":"https:\/\/www.printempsdesfragilites.com\/index.php\/wp-json\/wp\/v2\/media\/554"}],"wp:attachment":[{"href":"https:\/\/www.printempsdesfragilites.com\/index.php\/wp-json\/wp\/v2\/media?parent=3023"}],"wp:term":[{"taxonomy":"category","embeddable":true,"href":"https:\/\/www.printempsdesfragilites.com\/index.php\/wp-json\/wp\/v2\/categories?post=3023"},{"taxonomy":"post_tag","embeddable":true,"href":"https:\/\/www.printempsdesfragilites.com\/index.php\/wp-json\/wp\/v2\/tags?post=3023"}],"curies":[{"name":"wp","href":"https:\/\/api.w.org\/{rel}","templated":true}]}}