{"id":3034,"date":"2023-02-12T13:04:58","date_gmt":"2023-02-12T12:04:58","guid":{"rendered":"http:\/\/www.printempsdesfragilites.com\/?p=3034"},"modified":"2024-10-06T17:08:26","modified_gmt":"2024-10-06T15:08:26","slug":"les-eaux-vives","status":"publish","type":"post","link":"https:\/\/www.printempsdesfragilites.com\/index.php\/2023\/02\/12\/les-eaux-vives\/","title":{"rendered":"Les Eaux Vives"},"content":{"rendered":"\n<figure class=\"wp-block-image size-full is-resized\"><img loading=\"lazy\" decoding=\"async\" src=\"http:\/\/www.printempsdesfragilites.com\/wp-content\/uploads\/2023\/03\/logo-eaux-vives-emmaus.jpg\" alt=\"\" class=\"wp-image-3453\" width=\"195\" height=\"112\" srcset=\"https:\/\/www.printempsdesfragilites.com\/wp-content\/uploads\/2023\/03\/logo-eaux-vives-emmaus.jpg 424w, https:\/\/www.printempsdesfragilites.com\/wp-content\/uploads\/2023\/03\/logo-eaux-vives-emmaus-300x173.jpg 300w\" sizes=\"auto, (max-width: 195px) 100vw, 195px\" \/><\/figure>\n\n\n\n<p>L\u2019association lutte pour l\u2019inclusion des plus d\u00e9munis. Accueil, h\u00e9bergement, insertion&nbsp;: prenant en compte les besoins des personnes en grande difficult\u00e9 sociale et\/ou psychologique, elle les int\u00e8gre dans la construction des projets de l\u2019association. <\/p>\n\n\n\n<p><strong><mark style=\"background-color:rgba(0, 0, 0, 0);color:#e54600\" class=\"has-inline-color\">Plus d\u2019info &gt;<\/mark> <a href=\"https:\/\/leseauxvives.org\/\" target=\"_blank\" rel=\"noreferrer noopener\">Les Eaux Vives<\/a><\/strong><\/p>\n","protected":false},"excerpt":{"rendered":"<p>L\u2019association lutte pour l\u2019inclusion des plus d\u00e9munis. Accueil, h\u00e9bergement, insertion&nbsp;: prenant en compte les besoins des personnes en grande difficult\u00e9 sociale et\/ou psychologique, elle les int\u00e8gre dans la construction des projets de l\u2019association. Plus d\u2019info &gt; Les Eaux Vives<\/p>\n","protected":false},"author":4,"featured_media":3453,"comment_status":"closed","ping_status":"closed","sticky":false,"template":"","format":"standard","meta":{"footnotes":""},"categories":[37,40],"tags":[],"class_list":["post-3034","post","type-post","status-publish","format-standard","has-post-thumbnail","hentry","category-association","category-developpement-de-la-personne"],"_links":{"self":[{"href":"https:\/\/www.printempsdesfragilites.com\/index.php\/wp-json\/wp\/v2\/posts\/3034","targetHints":{"allow":["GET"]}}],"collection":[{"href":"https:\/\/www.printempsdesfragilites.com\/index.php\/wp-json\/wp\/v2\/posts"}],"about":[{"href":"https:\/\/www.printempsdesfragilites.com\/index.php\/wp-json\/wp\/v2\/types\/post"}],"author":[{"embeddable":true,"href":"https:\/\/www.printempsdesfragilites.com\/index.php\/wp-json\/wp\/v2\/users\/4"}],"replies":[{"embeddable":true,"href":"https:\/\/www.printempsdesfragilites.com\/index.php\/wp-json\/wp\/v2\/comments?post=3034"}],"version-history":[{"count":3,"href":"https:\/\/www.printempsdesfragilites.com\/index.php\/wp-json\/wp\/v2\/posts\/3034\/revisions"}],"predecessor-version":[{"id":3454,"href":"https:\/\/www.printempsdesfragilites.com\/index.php\/wp-json\/wp\/v2\/posts\/3034\/revisions\/3454"}],"wp:featuredmedia":[{"embeddable":true,"href":"https:\/\/www.printempsdesfragilites.com\/index.php\/wp-json\/wp\/v2\/media\/3453"}],"wp:attachment":[{"href":"https:\/\/www.printempsdesfragilites.com\/index.php\/wp-json\/wp\/v2\/media?parent=3034"}],"wp:term":[{"taxonomy":"category","embeddable":true,"href":"https:\/\/www.printempsdesfragilites.com\/index.php\/wp-json\/wp\/v2\/categories?post=3034"},{"taxonomy":"post_tag","embeddable":true,"href":"https:\/\/www.printempsdesfragilites.com\/index.php\/wp-json\/wp\/v2\/tags?post=3034"}],"curies":[{"name":"wp","href":"https:\/\/api.w.org\/{rel}","templated":true}]}}