{"id":3038,"date":"2023-02-12T13:08:42","date_gmt":"2023-02-12T12:08:42","guid":{"rendered":"http:\/\/www.printempsdesfragilites.com\/?p=3038"},"modified":"2024-10-06T17:08:16","modified_gmt":"2024-10-06T15:08:16","slug":"diaconat-protestant","status":"publish","type":"post","link":"https:\/\/www.printempsdesfragilites.com\/index.php\/2023\/02\/12\/diaconat-protestant\/","title":{"rendered":"Diaconat Protestant"},"content":{"rendered":"\n<figure class=\"wp-block-image size-full is-resized\"><img loading=\"lazy\" decoding=\"async\" src=\"http:\/\/www.printempsdesfragilites.com\/wp-content\/uploads\/2023\/03\/logo-diaconat4.png\" alt=\"\" class=\"wp-image-3430\" width=\"189\" height=\"104\"\/><\/figure>\n\n\n\n<p>L\u2019association souhaite r\u00e9pondre aux besoins fondamentaux des personnes en situation de pr\u00e9carit\u00e9 et&nbsp; vuln\u00e9rabilit\u00e9. Elle h\u00e9berge ainsi plus de 60 personnes en situation d\u2019urgence, dispense des cours de fran\u00e7ais, distribue de l\u2019aide alimentaire, met \u00e0 disposition un salon de coiffure et d\u2019esth\u00e9tique solidaire ainsi qu\u2019une permanence juridique et sociale. Un accueil et des s\u00e9jours adapt\u00e9s sont aussi organis\u00e9s pour les personnes porteurs de handicap \u00e0 la Brise de Mer, \u00e0 Saint-Michel Chef-Chef.<\/p>\n\n\n\n<p><strong><mark style=\"background-color:rgba(0, 0, 0, 0);color:#e54600\" class=\"has-inline-color\">Plus d\u2019info &gt;<\/mark> <a href=\"http:\/\/fep.asso.fr\/membre\/le-diaconat-protestant-de-nantes\/\" target=\"_blank\" rel=\"noreferrer noopener\">Diaconat Protestant de Nantes<\/a><\/strong><\/p>\n\n\n\n<p><strong><mark style=\"background-color:rgba(0, 0, 0, 0);color:#e54600\" class=\"has-inline-color\">Plus d\u2019info &gt;<\/mark> <a href=\"http:\/\/www.labrisedemer.com\" target=\"_blank\" rel=\"noreferrer noopener\">La Brise de Mer<\/a><\/strong><\/p>\n","protected":false},"excerpt":{"rendered":"<p>L\u2019association souhaite r\u00e9pondre aux besoins fondamentaux des personnes en situation de pr\u00e9carit\u00e9 et&nbsp; vuln\u00e9rabilit\u00e9. Elle h\u00e9berge ainsi plus de 60 personnes en situation d\u2019urgence, dispense des cours de fran\u00e7ais, distribue de l\u2019aide alimentaire, met \u00e0 disposition un salon de coiffure et d\u2019esth\u00e9tique solidaire ainsi qu\u2019une permanence juridique et sociale. Un accueil et des s\u00e9jours adapt\u00e9s [&hellip;]<\/p>\n","protected":false},"author":4,"featured_media":3430,"comment_status":"closed","ping_status":"closed","sticky":false,"template":"","format":"standard","meta":{"footnotes":""},"categories":[37,42],"tags":[],"class_list":["post-3038","post","type-post","status-publish","format-standard","has-post-thumbnail","hentry","category-association","category-inclusion"],"_links":{"self":[{"href":"https:\/\/www.printempsdesfragilites.com\/index.php\/wp-json\/wp\/v2\/posts\/3038","targetHints":{"allow":["GET"]}}],"collection":[{"href":"https:\/\/www.printempsdesfragilites.com\/index.php\/wp-json\/wp\/v2\/posts"}],"about":[{"href":"https:\/\/www.printempsdesfragilites.com\/index.php\/wp-json\/wp\/v2\/types\/post"}],"author":[{"embeddable":true,"href":"https:\/\/www.printempsdesfragilites.com\/index.php\/wp-json\/wp\/v2\/users\/4"}],"replies":[{"embeddable":true,"href":"https:\/\/www.printempsdesfragilites.com\/index.php\/wp-json\/wp\/v2\/comments?post=3038"}],"version-history":[{"count":3,"href":"https:\/\/www.printempsdesfragilites.com\/index.php\/wp-json\/wp\/v2\/posts\/3038\/revisions"}],"predecessor-version":[{"id":3431,"href":"https:\/\/www.printempsdesfragilites.com\/index.php\/wp-json\/wp\/v2\/posts\/3038\/revisions\/3431"}],"wp:featuredmedia":[{"embeddable":true,"href":"https:\/\/www.printempsdesfragilites.com\/index.php\/wp-json\/wp\/v2\/media\/3430"}],"wp:attachment":[{"href":"https:\/\/www.printempsdesfragilites.com\/index.php\/wp-json\/wp\/v2\/media?parent=3038"}],"wp:term":[{"taxonomy":"category","embeddable":true,"href":"https:\/\/www.printempsdesfragilites.com\/index.php\/wp-json\/wp\/v2\/categories?post=3038"},{"taxonomy":"post_tag","embeddable":true,"href":"https:\/\/www.printempsdesfragilites.com\/index.php\/wp-json\/wp\/v2\/tags?post=3038"}],"curies":[{"name":"wp","href":"https:\/\/api.w.org\/{rel}","templated":true}]}}