{"id":3045,"date":"2023-02-12T13:15:58","date_gmt":"2023-02-12T12:15:58","guid":{"rendered":"http:\/\/www.printempsdesfragilites.com\/?p=3045"},"modified":"2024-10-06T17:07:48","modified_gmt":"2024-10-06T15:07:48","slug":"la-croix-rouge","status":"publish","type":"post","link":"https:\/\/www.printempsdesfragilites.com\/index.php\/2023\/02\/12\/la-croix-rouge\/","title":{"rendered":"La Croix-Rouge"},"content":{"rendered":"\n<figure class=\"wp-block-image size-full is-resized\"><img loading=\"lazy\" decoding=\"async\" src=\"http:\/\/www.printempsdesfragilites.com\/wp-content\/uploads\/2023\/03\/logo-croix-rouge.jpg\" alt=\"\" class=\"wp-image-3343\" width=\"162\" height=\"107\" srcset=\"https:\/\/www.printempsdesfragilites.com\/wp-content\/uploads\/2023\/03\/logo-croix-rouge.jpg 570w, https:\/\/www.printempsdesfragilites.com\/wp-content\/uploads\/2023\/03\/logo-croix-rouge-300x200.jpg 300w, https:\/\/www.printempsdesfragilites.com\/wp-content\/uploads\/2023\/03\/logo-croix-rouge-212x140.jpg 212w\" sizes=\"auto, (max-width: 162px) 100vw, 162px\" \/><\/figure>\n\n\n\n<p>Dans la tradition du Mouvement Croix-Rouge, la Croix-Rouge fran\u00e7aise est une association de b\u00e9n\u00e9voles. Elle est aussi devenue un acteur majeur de l\u2019\u00e9conomie sociale et solidaire dans les secteurs humanitaire, sanitaire, social, m\u00e9dicosocial et de la formation. La conjonction et la coop\u00e9ration organis\u00e9es des b\u00e9n\u00e9voles et des salari\u00e9s sont un atout formidable pour l&#8217;association. <\/p>\n\n\n\n<p><strong><mark style=\"background-color:rgba(0, 0, 0, 0);color:#e54600\" class=\"has-inline-color\">Plus d\u2019info ><\/mark> <a rel=\"noreferrer noopener\" href=\"https:\/\/www.croix-rouge.fr\/Annuaire\/UNITE-LOCALE-DE-NANTES10\" target=\"_blank\">Croix-Rouge fran\u00e7aise<\/a><\/strong><\/p>\n","protected":false},"excerpt":{"rendered":"<p>Dans la tradition du Mouvement Croix-Rouge, la Croix-Rouge fran\u00e7aise est une association de b\u00e9n\u00e9voles. Elle est aussi devenue un acteur majeur de l\u2019\u00e9conomie sociale et solidaire dans les secteurs humanitaire, sanitaire, social, m\u00e9dicosocial et de la formation. La conjonction et la coop\u00e9ration organis\u00e9es des b\u00e9n\u00e9voles et des salari\u00e9s sont un atout formidable pour l&#8217;association. Plus [&hellip;]<\/p>\n","protected":false},"author":4,"featured_media":3343,"comment_status":"closed","ping_status":"closed","sticky":false,"template":"","format":"standard","meta":{"footnotes":""},"categories":[37,44],"tags":[],"class_list":["post-3045","post","type-post","status-publish","format-standard","has-post-thumbnail","hentry","category-association","category-fraternite-dans-la-societe-solidarite"],"_links":{"self":[{"href":"https:\/\/www.printempsdesfragilites.com\/index.php\/wp-json\/wp\/v2\/posts\/3045","targetHints":{"allow":["GET"]}}],"collection":[{"href":"https:\/\/www.printempsdesfragilites.com\/index.php\/wp-json\/wp\/v2\/posts"}],"about":[{"href":"https:\/\/www.printempsdesfragilites.com\/index.php\/wp-json\/wp\/v2\/types\/post"}],"author":[{"embeddable":true,"href":"https:\/\/www.printempsdesfragilites.com\/index.php\/wp-json\/wp\/v2\/users\/4"}],"replies":[{"embeddable":true,"href":"https:\/\/www.printempsdesfragilites.com\/index.php\/wp-json\/wp\/v2\/comments?post=3045"}],"version-history":[{"count":3,"href":"https:\/\/www.printempsdesfragilites.com\/index.php\/wp-json\/wp\/v2\/posts\/3045\/revisions"}],"predecessor-version":[{"id":4028,"href":"https:\/\/www.printempsdesfragilites.com\/index.php\/wp-json\/wp\/v2\/posts\/3045\/revisions\/4028"}],"wp:featuredmedia":[{"embeddable":true,"href":"https:\/\/www.printempsdesfragilites.com\/index.php\/wp-json\/wp\/v2\/media\/3343"}],"wp:attachment":[{"href":"https:\/\/www.printempsdesfragilites.com\/index.php\/wp-json\/wp\/v2\/media?parent=3045"}],"wp:term":[{"taxonomy":"category","embeddable":true,"href":"https:\/\/www.printempsdesfragilites.com\/index.php\/wp-json\/wp\/v2\/categories?post=3045"},{"taxonomy":"post_tag","embeddable":true,"href":"https:\/\/www.printempsdesfragilites.com\/index.php\/wp-json\/wp\/v2\/tags?post=3045"}],"curies":[{"name":"wp","href":"https:\/\/api.w.org\/{rel}","templated":true}]}}