{"id":3079,"date":"2023-02-12T13:50:49","date_gmt":"2023-02-12T12:50:49","guid":{"rendered":"http:\/\/www.printempsdesfragilites.com\/?p=3079"},"modified":"2024-10-06T17:04:41","modified_gmt":"2024-10-06T15:04:41","slug":"apprentis-dauteuil","status":"publish","type":"post","link":"https:\/\/www.printempsdesfragilites.com\/index.php\/2023\/02\/12\/apprentis-dauteuil\/","title":{"rendered":"Apprentis d&#8217;Auteuil"},"content":{"rendered":"\n<figure class=\"wp-block-image size-full is-resized\"><img loading=\"lazy\" decoding=\"async\" src=\"http:\/\/www.printempsdesfragilites.com\/wp-content\/uploads\/2023\/03\/logo_Apprentis-Auteuil.png\" alt=\"\" class=\"wp-image-3286\" width=\"158\" height=\"105\" srcset=\"https:\/\/www.printempsdesfragilites.com\/wp-content\/uploads\/2023\/03\/logo_Apprentis-Auteuil.png 391w, https:\/\/www.printempsdesfragilites.com\/wp-content\/uploads\/2023\/03\/logo_Apprentis-Auteuil-300x201.png 300w, https:\/\/www.printempsdesfragilites.com\/wp-content\/uploads\/2023\/03\/logo_Apprentis-Auteuil-212x140.png 212w\" sizes=\"auto, (max-width: 158px) 100vw, 158px\" \/><\/figure>\n\n\n\n<p>Fondation reconnue d\u2019utilit\u00e9 publique, acteur engag\u00e9 de la pr\u00e9vention et de la protection de l\u2019enfance, Apprentis d\u2019Auteuil d\u00e9veloppe en France et \u00e0 l\u2019international des programmes d\u2019accueil, d\u2019\u00e9ducation, de formation et d\u2019insertion pour redonner aux jeunes et aux familles fragilis\u00e9es ce qui leur manque le plus : la confiance. Apprentis d\u2019Auteuil accompagne plus de 30 000 jeunes et familles dans 240 \u00e9tablissements.<\/p>\n\n\n\n<p><strong><mark style=\"background-color:rgba(0, 0, 0, 0);color:#e54600\" class=\"has-inline-color\">Plus d\u2019info ><\/mark> <a href=\"https:\/\/grand-ouest.apprentis-auteuil.org\/\" target=\"_blank\" rel=\"noreferrer noopener\">Apprentis d&#8217;Auteuil<\/a><\/strong><\/p>\n","protected":false},"excerpt":{"rendered":"<p>Fondation reconnue d\u2019utilit\u00e9 publique, acteur engag\u00e9 de la pr\u00e9vention et de la protection de l\u2019enfance, Apprentis d\u2019Auteuil d\u00e9veloppe en France et \u00e0 l\u2019international des programmes d\u2019accueil, d\u2019\u00e9ducation, de formation et d\u2019insertion pour redonner aux jeunes et aux familles fragilis\u00e9es ce qui leur manque le plus : la confiance. Apprentis d\u2019Auteuil accompagne plus de 30 000 [&hellip;]<\/p>\n","protected":false},"author":4,"featured_media":3286,"comment_status":"closed","ping_status":"closed","sticky":false,"template":"","format":"standard","meta":{"footnotes":""},"categories":[37,39],"tags":[],"class_list":["post-3079","post","type-post","status-publish","format-standard","has-post-thumbnail","hentry","category-association","category-sourire"],"_links":{"self":[{"href":"https:\/\/www.printempsdesfragilites.com\/index.php\/wp-json\/wp\/v2\/posts\/3079","targetHints":{"allow":["GET"]}}],"collection":[{"href":"https:\/\/www.printempsdesfragilites.com\/index.php\/wp-json\/wp\/v2\/posts"}],"about":[{"href":"https:\/\/www.printempsdesfragilites.com\/index.php\/wp-json\/wp\/v2\/types\/post"}],"author":[{"embeddable":true,"href":"https:\/\/www.printempsdesfragilites.com\/index.php\/wp-json\/wp\/v2\/users\/4"}],"replies":[{"embeddable":true,"href":"https:\/\/www.printempsdesfragilites.com\/index.php\/wp-json\/wp\/v2\/comments?post=3079"}],"version-history":[{"count":3,"href":"https:\/\/www.printempsdesfragilites.com\/index.php\/wp-json\/wp\/v2\/posts\/3079\/revisions"}],"predecessor-version":[{"id":4020,"href":"https:\/\/www.printempsdesfragilites.com\/index.php\/wp-json\/wp\/v2\/posts\/3079\/revisions\/4020"}],"wp:featuredmedia":[{"embeddable":true,"href":"https:\/\/www.printempsdesfragilites.com\/index.php\/wp-json\/wp\/v2\/media\/3286"}],"wp:attachment":[{"href":"https:\/\/www.printempsdesfragilites.com\/index.php\/wp-json\/wp\/v2\/media?parent=3079"}],"wp:term":[{"taxonomy":"category","embeddable":true,"href":"https:\/\/www.printempsdesfragilites.com\/index.php\/wp-json\/wp\/v2\/categories?post=3079"},{"taxonomy":"post_tag","embeddable":true,"href":"https:\/\/www.printempsdesfragilites.com\/index.php\/wp-json\/wp\/v2\/tags?post=3079"}],"curies":[{"name":"wp","href":"https:\/\/api.w.org\/{rel}","templated":true}]}}