{"id":3083,"date":"2023-02-12T13:54:01","date_gmt":"2023-02-12T12:54:01","guid":{"rendered":"http:\/\/www.printempsdesfragilites.com\/?p=3083"},"modified":"2024-10-06T17:04:32","modified_gmt":"2024-10-06T15:04:32","slug":"amnesty-international","status":"publish","type":"post","link":"https:\/\/www.printempsdesfragilites.com\/index.php\/2023\/02\/12\/amnesty-international\/","title":{"rendered":"Amnesty International"},"content":{"rendered":"\n<figure class=\"wp-block-image size-full is-resized\"><img loading=\"lazy\" decoding=\"async\" src=\"http:\/\/www.printempsdesfragilites.com\/wp-content\/uploads\/2021\/04\/Amnesty.png\" alt=\"\" class=\"wp-image-1314\" width=\"211\" height=\"107\" srcset=\"https:\/\/www.printempsdesfragilites.com\/wp-content\/uploads\/2021\/04\/Amnesty.png 474w, https:\/\/www.printempsdesfragilites.com\/wp-content\/uploads\/2021\/04\/Amnesty-300x151.png 300w\" sizes=\"auto, (max-width: 211px) 100vw, 211px\" \/><\/figure>\n\n\n\n<p>Nous sommes plus de 10 millions de personnes \u00e0 nous battre partout dans le monde depuis 1961 pour faire respecter les droits humains. Notre collectif est une force qui donne de l\u2019impact \u00e0 notre action. Ensemble, nous menons des combats et remportons des victoires pour faire cesser les violations des droits humains et faire progresser la justice. Notre travail a un effet concret sur des millions de personnes. Nous les prot\u00e9geons et les d\u00e9fendons quand leurs droits sont menac\u00e9s et nous nous battons, dans la dur\u00e9e, pour que les lois garantissent effectivement le respect des droits de tous. <\/p>\n\n\n\n<p>Notre force, c\u2019est aussi notre impartialit\u00e9 et notre ind\u00e9pendance vis-\u00e0-vis de toute tendance politique, de tout int\u00e9r\u00eat \u00e9conomique et de toute croyance religieuse. Notre ind\u00e9pendance est aussi financi\u00e8re : elle assure notre libert\u00e9 d\u2019action.<\/p>\n\n\n\n<p><strong><mark style=\"background-color:rgba(0, 0, 0, 0);color:#e54600\" class=\"has-inline-color\">Plus d\u2019info &gt;<\/mark> <a href=\"https:\/\/www.amnesty.fr\/pres-de-chez-vous?address=Loire-Atlantique\" target=\"_blank\" rel=\"noreferrer noopener\">Amnesty International<\/a><\/strong><\/p>\n","protected":false},"excerpt":{"rendered":"<p>Nous sommes plus de 10 millions de personnes \u00e0 nous battre partout dans le monde depuis 1961 pour faire respecter les droits humains. Notre collectif est une force qui donne de l\u2019impact \u00e0 notre action. Ensemble, nous menons des combats et remportons des victoires pour faire cesser les violations des droits humains et faire progresser [&hellip;]<\/p>\n","protected":false},"author":4,"featured_media":1314,"comment_status":"closed","ping_status":"closed","sticky":false,"template":"","format":"standard","meta":{"footnotes":""},"categories":[37,44],"tags":[],"class_list":["post-3083","post","type-post","status-publish","format-standard","has-post-thumbnail","hentry","category-association","category-fraternite-dans-la-societe-solidarite"],"_links":{"self":[{"href":"https:\/\/www.printempsdesfragilites.com\/index.php\/wp-json\/wp\/v2\/posts\/3083","targetHints":{"allow":["GET"]}}],"collection":[{"href":"https:\/\/www.printempsdesfragilites.com\/index.php\/wp-json\/wp\/v2\/posts"}],"about":[{"href":"https:\/\/www.printempsdesfragilites.com\/index.php\/wp-json\/wp\/v2\/types\/post"}],"author":[{"embeddable":true,"href":"https:\/\/www.printempsdesfragilites.com\/index.php\/wp-json\/wp\/v2\/users\/4"}],"replies":[{"embeddable":true,"href":"https:\/\/www.printempsdesfragilites.com\/index.php\/wp-json\/wp\/v2\/comments?post=3083"}],"version-history":[{"count":5,"href":"https:\/\/www.printempsdesfragilites.com\/index.php\/wp-json\/wp\/v2\/posts\/3083\/revisions"}],"predecessor-version":[{"id":4009,"href":"https:\/\/www.printempsdesfragilites.com\/index.php\/wp-json\/wp\/v2\/posts\/3083\/revisions\/4009"}],"wp:featuredmedia":[{"embeddable":true,"href":"https:\/\/www.printempsdesfragilites.com\/index.php\/wp-json\/wp\/v2\/media\/1314"}],"wp:attachment":[{"href":"https:\/\/www.printempsdesfragilites.com\/index.php\/wp-json\/wp\/v2\/media?parent=3083"}],"wp:term":[{"taxonomy":"category","embeddable":true,"href":"https:\/\/www.printempsdesfragilites.com\/index.php\/wp-json\/wp\/v2\/categories?post=3083"},{"taxonomy":"post_tag","embeddable":true,"href":"https:\/\/www.printempsdesfragilites.com\/index.php\/wp-json\/wp\/v2\/tags?post=3083"}],"curies":[{"name":"wp","href":"https:\/\/api.w.org\/{rel}","templated":true}]}}