{"id":3085,"date":"2023-02-12T13:55:23","date_gmt":"2023-02-12T12:55:23","guid":{"rendered":"http:\/\/www.printempsdesfragilites.com\/?p=3085"},"modified":"2024-10-06T17:04:26","modified_gmt":"2024-10-06T15:04:26","slug":"amitie-esperance","status":"publish","type":"post","link":"https:\/\/www.printempsdesfragilites.com\/index.php\/2023\/02\/12\/amitie-esperance\/","title":{"rendered":"Amiti\u00e9 Esp\u00e9rance"},"content":{"rendered":"\n<figure class=\"wp-block-image size-full is-resized\"><img loading=\"lazy\" decoding=\"async\" src=\"http:\/\/www.printempsdesfragilites.com\/wp-content\/uploads\/2023\/03\/logo-Amitie-esperance.png\" alt=\"\" class=\"wp-image-3283\" width=\"172\" height=\"115\" srcset=\"https:\/\/www.printempsdesfragilites.com\/wp-content\/uploads\/2023\/03\/logo-Amitie-esperance.png 486w, https:\/\/www.printempsdesfragilites.com\/wp-content\/uploads\/2023\/03\/logo-Amitie-esperance-300x199.png 300w, https:\/\/www.printempsdesfragilites.com\/wp-content\/uploads\/2023\/03\/logo-Amitie-esperance-212x140.png 212w\" sizes=\"auto, (max-width: 172px) 100vw, 172px\" \/><\/figure>\n\n\n\n<p>La souffrance psychique vous fragilise&nbsp;? L\u2019association propose de cheminer dans un groupe de personnes pour sortir de la solitude et l\u2019isolement, pour \u00eatre accueilli et \u00e9cout\u00e9 tel qu\u2019on est, pour partager son exp\u00e9rience et pour vivre un compagnonnage fraternel. \u00ab&nbsp;Chacun prend alors conscience des richesses que nous nous apportons mutuellement.&nbsp;\u00bb<\/p>\n\n\n\n<p><strong><mark style=\"background-color:rgba(0, 0, 0, 0);color:#e54600\" class=\"has-inline-color\">Plus d\u2019info &gt;<\/mark> <a href=\"http:\/\/amitie-esperance.fr\/\" target=\"_blank\" rel=\"noreferrer noopener\">Amiti\u00e9 Esp\u00e9rance<\/a><\/strong><\/p>\n","protected":false},"excerpt":{"rendered":"<p>La souffrance psychique vous fragilise&nbsp;? L\u2019association propose de cheminer dans un groupe de personnes pour sortir de la solitude et l\u2019isolement, pour \u00eatre accueilli et \u00e9cout\u00e9 tel qu\u2019on est, pour partager son exp\u00e9rience et pour vivre un compagnonnage fraternel. \u00ab&nbsp;Chacun prend alors conscience des richesses que nous nous apportons mutuellement.&nbsp;\u00bb Plus d\u2019info &gt; Amiti\u00e9 Esp\u00e9rance<\/p>\n","protected":false},"author":4,"featured_media":3283,"comment_status":"closed","ping_status":"closed","sticky":false,"template":"","format":"standard","meta":{"footnotes":""},"categories":[37,39],"tags":[],"class_list":["post-3085","post","type-post","status-publish","format-standard","has-post-thumbnail","hentry","category-association","category-sourire"],"_links":{"self":[{"href":"https:\/\/www.printempsdesfragilites.com\/index.php\/wp-json\/wp\/v2\/posts\/3085","targetHints":{"allow":["GET"]}}],"collection":[{"href":"https:\/\/www.printempsdesfragilites.com\/index.php\/wp-json\/wp\/v2\/posts"}],"about":[{"href":"https:\/\/www.printempsdesfragilites.com\/index.php\/wp-json\/wp\/v2\/types\/post"}],"author":[{"embeddable":true,"href":"https:\/\/www.printempsdesfragilites.com\/index.php\/wp-json\/wp\/v2\/users\/4"}],"replies":[{"embeddable":true,"href":"https:\/\/www.printempsdesfragilites.com\/index.php\/wp-json\/wp\/v2\/comments?post=3085"}],"version-history":[{"count":3,"href":"https:\/\/www.printempsdesfragilites.com\/index.php\/wp-json\/wp\/v2\/posts\/3085\/revisions"}],"predecessor-version":[{"id":3284,"href":"https:\/\/www.printempsdesfragilites.com\/index.php\/wp-json\/wp\/v2\/posts\/3085\/revisions\/3284"}],"wp:featuredmedia":[{"embeddable":true,"href":"https:\/\/www.printempsdesfragilites.com\/index.php\/wp-json\/wp\/v2\/media\/3283"}],"wp:attachment":[{"href":"https:\/\/www.printempsdesfragilites.com\/index.php\/wp-json\/wp\/v2\/media?parent=3085"}],"wp:term":[{"taxonomy":"category","embeddable":true,"href":"https:\/\/www.printempsdesfragilites.com\/index.php\/wp-json\/wp\/v2\/categories?post=3085"},{"taxonomy":"post_tag","embeddable":true,"href":"https:\/\/www.printempsdesfragilites.com\/index.php\/wp-json\/wp\/v2\/tags?post=3085"}],"curies":[{"name":"wp","href":"https:\/\/api.w.org\/{rel}","templated":true}]}}