{"id":3092,"date":"2023-02-12T14:06:04","date_gmt":"2023-02-12T13:06:04","guid":{"rendered":"http:\/\/www.printempsdesfragilites.com\/?p=3092"},"modified":"2024-10-06T17:02:53","modified_gmt":"2024-10-06T15:02:53","slug":"action-catholique-ouvriere-aco","status":"publish","type":"post","link":"https:\/\/www.printempsdesfragilites.com\/index.php\/2023\/02\/12\/action-catholique-ouvriere-aco\/","title":{"rendered":"Action Catholique Ouvri\u00e8re (ACO)"},"content":{"rendered":"\n<figure class=\"wp-block-image size-full is-resized\"><img loading=\"lazy\" decoding=\"async\" width=\"312\" height=\"208\" src=\"http:\/\/www.printempsdesfragilites.com\/wp-content\/uploads\/2023\/03\/logo-aco.jpg\" alt=\"\" class=\"wp-image-3272\" style=\"width:162px;height:108px\" srcset=\"https:\/\/www.printempsdesfragilites.com\/wp-content\/uploads\/2023\/03\/logo-aco.jpg 312w, https:\/\/www.printempsdesfragilites.com\/wp-content\/uploads\/2023\/03\/logo-aco-300x200.jpg 300w, https:\/\/www.printempsdesfragilites.com\/wp-content\/uploads\/2023\/03\/logo-aco-212x140.jpg 212w\" sizes=\"auto, (max-width: 312px) 100vw, 312px\" \/><\/figure>\n\n\n\n<p>Ce mouvement inscrit sa mission en double fid\u00e9lit\u00e9s: avec le mouvement ouvrier et la religion catholique. S\u2019adressant \u00e0 tous, elle se veut attentive en priorit\u00e9 aux personnes et, tout particuli\u00e8rement, aux travailleurs en situation de pr\u00e9carit\u00e9 et de fragilit\u00e9. <\/p>\n\n\n\n<p><strong><mark style=\"background-color:rgba(0, 0, 0, 0);color:#e54600\" class=\"has-inline-color\">Plus d\u2019info &gt;<\/mark> <a href=\"https:\/\/diocese44.fr\/les-mouvements-et-associations-de-fideles\/action-catholique-ouvriere-aco\/\" target=\"_blank\" rel=\"noreferrer noopener\">ACO<\/a><\/strong><\/p>\n\n\n\n<p><\/p>\n","protected":false},"excerpt":{"rendered":"<p>Ce mouvement inscrit sa mission en double fid\u00e9lit\u00e9s: avec le mouvement ouvrier et la religion catholique. S\u2019adressant \u00e0 tous, elle se veut attentive en priorit\u00e9 aux personnes et, tout particuli\u00e8rement, aux travailleurs en situation de pr\u00e9carit\u00e9 et de fragilit\u00e9. Plus d\u2019info &gt; ACO<\/p>\n","protected":false},"author":4,"featured_media":3272,"comment_status":"closed","ping_status":"closed","sticky":false,"template":"","format":"standard","meta":{"footnotes":""},"categories":[37,40],"tags":[],"class_list":["post-3092","post","type-post","status-publish","format-standard","has-post-thumbnail","hentry","category-association","category-developpement-de-la-personne"],"_links":{"self":[{"href":"https:\/\/www.printempsdesfragilites.com\/index.php\/wp-json\/wp\/v2\/posts\/3092","targetHints":{"allow":["GET"]}}],"collection":[{"href":"https:\/\/www.printempsdesfragilites.com\/index.php\/wp-json\/wp\/v2\/posts"}],"about":[{"href":"https:\/\/www.printempsdesfragilites.com\/index.php\/wp-json\/wp\/v2\/types\/post"}],"author":[{"embeddable":true,"href":"https:\/\/www.printempsdesfragilites.com\/index.php\/wp-json\/wp\/v2\/users\/4"}],"replies":[{"embeddable":true,"href":"https:\/\/www.printempsdesfragilites.com\/index.php\/wp-json\/wp\/v2\/comments?post=3092"}],"version-history":[{"count":3,"href":"https:\/\/www.printempsdesfragilites.com\/index.php\/wp-json\/wp\/v2\/posts\/3092\/revisions"}],"predecessor-version":[{"id":4523,"href":"https:\/\/www.printempsdesfragilites.com\/index.php\/wp-json\/wp\/v2\/posts\/3092\/revisions\/4523"}],"wp:featuredmedia":[{"embeddable":true,"href":"https:\/\/www.printempsdesfragilites.com\/index.php\/wp-json\/wp\/v2\/media\/3272"}],"wp:attachment":[{"href":"https:\/\/www.printempsdesfragilites.com\/index.php\/wp-json\/wp\/v2\/media?parent=3092"}],"wp:term":[{"taxonomy":"category","embeddable":true,"href":"https:\/\/www.printempsdesfragilites.com\/index.php\/wp-json\/wp\/v2\/categories?post=3092"},{"taxonomy":"post_tag","embeddable":true,"href":"https:\/\/www.printempsdesfragilites.com\/index.php\/wp-json\/wp\/v2\/tags?post=3092"}],"curies":[{"name":"wp","href":"https:\/\/api.w.org\/{rel}","templated":true}]}}