{"id":3806,"date":"2023-04-15T19:29:03","date_gmt":"2023-04-15T17:29:03","guid":{"rendered":"http:\/\/www.printempsdesfragilites.com\/?p=3806"},"modified":"2023-05-01T13:57:48","modified_gmt":"2023-05-01T11:57:48","slug":"le-village-des-fragilites","status":"publish","type":"post","link":"https:\/\/www.printempsdesfragilites.com\/index.php\/2023\/04\/15\/le-village-des-fragilites\/","title":{"rendered":"Un \u00ab Village des Fragilit\u00e9s \u00bb au coeur de Nantes&#8230;  6\u00e8me m\u00e9tropole fran\u00e7aise !"},"content":{"rendered":"\n<h2 class=\"wp-block-heading\"><strong><strong>\u00ab&nbsp;Lorsque nos fragilit\u00e9s deviennent nos forces\u2026 notre chance pour l\u2019Humanit\u00e9&nbsp;!&nbsp;\u00bb &nbsp;<\/strong><\/strong><\/h2>\n\n\n\n<figure class=\"wp-block-image size-large is-resized\"><img loading=\"lazy\" decoding=\"async\" src=\"http:\/\/www.printempsdesfragilites.com\/wp-content\/uploads\/2021\/06\/Capture-de\u0301cran-2021-06-06-a\u0300-19.22.39.png\" alt=\"\" class=\"wp-image-2432\" width=\"537\" height=\"417\" srcset=\"https:\/\/www.printempsdesfragilites.com\/wp-content\/uploads\/2021\/06\/Capture-de\u0301cran-2021-06-06-a\u0300-19.22.39.png 664w, https:\/\/www.printempsdesfragilites.com\/wp-content\/uploads\/2021\/06\/Capture-de\u0301cran-2021-06-06-a\u0300-19.22.39-300x233.png 300w\" sizes=\"auto, (max-width: 537px) 100vw, 537px\" \/><\/figure>\n\n\n\n<p class=\"has-medium-font-size\"><strong><strong>Bienvenue sur le \u00ab&nbsp;VILLAGE DES FRAGILIT\u00c9S&nbsp;\u00bb, village \u00e9ph\u00e9m\u00e8re, mont\u00e9 le temps d\u2019une journ\u00e9e festive sur le Parc des Chantiers, \u00eele de Nantes, de 10h \u00e0 22h, le 10 juin 2023, en cl\u00f4ture du festival du Printemps des Fragilit\u00e9s. <\/strong> <\/strong><\/p>\n\n\n\n<p class=\"has-medium-font-size\">Gr\u00e2ce \u00e0 l\u2019incroyable \u00e9nergie des plus de 90 associations du \u00ab&nbsp;Collectif Fragilit\u00e9s \u2013 Partage&nbsp;\u00bb, dans les all\u00e9es du \u00ab&nbsp;Village des Fragilit\u00e9s&nbsp;\u00bb de nouvelles forces se font jour : \u00ab&nbsp;\u00c9coute et partage&nbsp;\u00bb, \u00ab&nbsp;Inclusion et insertion&nbsp;\u00bb, \u00ab&nbsp;Sourire, joie, et confiance&nbsp;\u00bb,&nbsp; \u00ab&nbsp;D\u00e9sir de vivre ensemble&nbsp;\u00bb, \u00ab&nbsp;D\u00e9veloppement de la personne&nbsp;\u00bb, \u00ab&nbsp;Fraternit\u00e9&nbsp;dans la soci\u00e9t\u00e9&nbsp;\u00bb, \u00ab&nbsp;Partage et convivialit\u00e9&nbsp;\u00bb\u2026 &nbsp;Destin\u00e9e \u00e0 favoriser la rencontre, le centre du &#8220;Village des Fragilit\u00e9s&#8221; se transforme en une sc\u00e8ne avec \u00e9cran g\u00e9ant o\u00f9 se succ\u00e8dent des artistes, des chanteurs, des danseurs, mais aussi des t\u00e9moins et des moments de d\u00e9bats et de r\u00e9flexions. Lever le voile sur nos fragilit\u00e9s et d\u00e9couvrir combien elles sont une force\u2026 une chance pour l\u2019Humanit\u00e9, le temps d\u2019une journ\u00e9e \u00ab&nbsp;force-aimant humaine&nbsp;\u00bb&nbsp;! <\/p>\n\n\n\n<p><mark style=\"background-color:rgba(0, 0, 0, 0)\" class=\"has-inline-color has-vivid-purple-color\"><strong>Voir le programme :<\/strong><\/mark> <a rel=\"noreferrer noopener\" href=\"http:\/\/www.printempsdesfragilites.com\/index.php\/les-evenements-du-10-juin\/\" target=\"_blank\">Bienvenue sur le Village des fragilit\u00e9s ! \u2013 Printemps des Fragilit\u00e9s (printempsdesfragilites.com)<\/a><\/p>\n\n\n\n<p class=\"has-medium-font-size\">Il fallait un moment fort et rayonnant pour venir cl\u00f4turer le festival \u00ab&nbsp;Printemps des Fragilit\u00e9s&nbsp;\u00bb. Aussi, les plus de 90 associations du \u00ab&nbsp;Collectif Fragilit\u00e9s \u2013 Partage&nbsp;\u00bb ont  imagin\u00e9 l\u2019incroyable : se r\u00e9unir et cr\u00e9er le <strong>Village des Fragilit\u00e9s<\/strong>, le temps d\u2019une journ\u00e9e festive &#8211; le samedi 10 juin 2023 &#8211; sur l\u2019\u00eele de Nantes. Handicaps, exclusions, maladies, mal-logement, addictions, difficult\u00e9s sociales, exil\u2026 le parcours qui vous est propos\u00e9 ne manque pas d\u2019occasions de s\u2019arr\u00eater, de s\u2019asseoir et de prendre le temps d\u2019\u00e9changer, de discuter. En un mot, de briser le silence et de sortir de l\u2019enfermement ou de l\u2019isolement.&nbsp;&nbsp; <\/p>\n\n\n\n<p class=\"has-medium-font-size\"><strong>Le 10 juin 2023, l\u2019art de \u00ab&nbsp;jouer\u2026 fraternellement \u00bb&nbsp;! <\/strong><\/p>\n\n\n\n<p class=\"has-medium-font-size\">Gratuit, ouvert au public, de 10h \u00e0 22h en ce 10 juin 2023 qui se veut haut en couleurs et en esp\u00e9rance, le <strong>Village des Fragilit\u00e9s<\/strong> vient dire et redire combien nous ne sommes pas seuls. Bien au contraire&nbsp;! Et que les raisons de croire en un monde meilleur sont l\u00e0. Le 10 juin 2023 se veut, en effet, un moment en rupture dans ces &#8220;folles ann\u00e9es 2020&#8221; pour clamer haut et fort qu\u2019il est grand temps de r\u00e9fl\u00e9chir \u00e0 la place que tiennent nos fragilit\u00e9s dans nos vies, au quotidien. Pour affirmer que la fraternit\u00e9 fait aussi partie \u00ab&nbsp;du jeu \u00e0 la nantaise&nbsp;\u00bb et que s\u2019ouvrir \u00e0 l\u2019Autre (avec un grand A) est une chance inou\u00efe. Comme une parenth\u00e8se ouverte que l\u2019on ne voudrait plus refermer, le 10 juin 2023 est enfin l\u2019occasion de d\u00e9couvrir combien <strong>nos fragilit\u00e9s peuvent devenir nos forces<\/strong> d\u00e8s lors que nous choisissons d\u2019\u0153uvrer ensemble. Le 10 juin 2023&nbsp;: une date \u00e0 retenir, pour une f\u00eate marqu\u00e9e d\u2019une \u00e9nergie folle, et d\u00e9j\u00e0 tout un symbole\u2026 une ode \u00e0 l\u2019Humanit\u00e9, avec un grand H.&nbsp; &nbsp;<\/p>\n\n\n\n<p><mark style=\"background-color:rgba(0, 0, 0, 0)\" class=\"has-inline-color has-vivid-purple-color\"><strong>Voir le programme :<\/strong><\/mark> <a rel=\"noreferrer noopener\" href=\"http:\/\/www.printempsdesfragilites.com\/index.php\/les-evenements-du-10-juin\/\" target=\"_blank\">Bienvenue sur le Village des fragilit\u00e9s ! \u2013 Printemps des Fragilit\u00e9s (printempsdesfragilites.com)<\/a><\/p>\n\n\n\n<figure class=\"wp-block-image size-large\"><img loading=\"lazy\" decoding=\"async\" width=\"1024\" height=\"725\" src=\"http:\/\/www.printempsdesfragilites.com\/wp-content\/uploads\/2021\/06\/IMG-20210617-WA0001-1024x725.jpg\" alt=\"\" class=\"wp-image-2523\" srcset=\"https:\/\/www.printempsdesfragilites.com\/wp-content\/uploads\/2021\/06\/IMG-20210617-WA0001-1024x725.jpg 1024w, https:\/\/www.printempsdesfragilites.com\/wp-content\/uploads\/2021\/06\/IMG-20210617-WA0001-300x212.jpg 300w, https:\/\/www.printempsdesfragilites.com\/wp-content\/uploads\/2021\/06\/IMG-20210617-WA0001-768x544.jpg 768w, https:\/\/www.printempsdesfragilites.com\/wp-content\/uploads\/2021\/06\/IMG-20210617-WA0001-1536x1088.jpg 1536w, https:\/\/www.printempsdesfragilites.com\/wp-content\/uploads\/2021\/06\/IMG-20210617-WA0001.jpg 1600w\" sizes=\"auto, (max-width: 1024px) 100vw, 1024px\" \/><\/figure>\n","protected":false},"excerpt":{"rendered":"<p>\u00ab&nbsp;Lorsque nos fragilit\u00e9s deviennent nos forces\u2026 notre chance pour l\u2019Humanit\u00e9&nbsp;!&nbsp;\u00bb &nbsp; Bienvenue sur le \u00ab&nbsp;VILLAGE DES FRAGILIT\u00c9S&nbsp;\u00bb, village \u00e9ph\u00e9m\u00e8re, mont\u00e9 le temps d\u2019une journ\u00e9e festive sur le Parc des Chantiers, \u00eele de Nantes, de 10h \u00e0 22h, le 10 juin 2023, en cl\u00f4ture du festival du Printemps des Fragilit\u00e9s. Gr\u00e2ce \u00e0 l\u2019incroyable \u00e9nergie des plus [&hellip;]<\/p>\n","protected":false},"author":4,"featured_media":2432,"comment_status":"open","ping_status":"open","sticky":false,"template":"","format":"standard","meta":{"footnotes":""},"categories":[24],"tags":[],"class_list":["post-3806","post","type-post","status-publish","format-standard","has-post-thumbnail","hentry","category-actualite-articles"],"_links":{"self":[{"href":"https:\/\/www.printempsdesfragilites.com\/index.php\/wp-json\/wp\/v2\/posts\/3806","targetHints":{"allow":["GET"]}}],"collection":[{"href":"https:\/\/www.printempsdesfragilites.com\/index.php\/wp-json\/wp\/v2\/posts"}],"about":[{"href":"https:\/\/www.printempsdesfragilites.com\/index.php\/wp-json\/wp\/v2\/types\/post"}],"author":[{"embeddable":true,"href":"https:\/\/www.printempsdesfragilites.com\/index.php\/wp-json\/wp\/v2\/users\/4"}],"replies":[{"embeddable":true,"href":"https:\/\/www.printempsdesfragilites.com\/index.php\/wp-json\/wp\/v2\/comments?post=3806"}],"version-history":[{"count":5,"href":"https:\/\/www.printempsdesfragilites.com\/index.php\/wp-json\/wp\/v2\/posts\/3806\/revisions"}],"predecessor-version":[{"id":4036,"href":"https:\/\/www.printempsdesfragilites.com\/index.php\/wp-json\/wp\/v2\/posts\/3806\/revisions\/4036"}],"wp:featuredmedia":[{"embeddable":true,"href":"https:\/\/www.printempsdesfragilites.com\/index.php\/wp-json\/wp\/v2\/media\/2432"}],"wp:attachment":[{"href":"https:\/\/www.printempsdesfragilites.com\/index.php\/wp-json\/wp\/v2\/media?parent=3806"}],"wp:term":[{"taxonomy":"category","embeddable":true,"href":"https:\/\/www.printempsdesfragilites.com\/index.php\/wp-json\/wp\/v2\/categories?post=3806"},{"taxonomy":"post_tag","embeddable":true,"href":"https:\/\/www.printempsdesfragilites.com\/index.php\/wp-json\/wp\/v2\/tags?post=3806"}],"curies":[{"name":"wp","href":"https:\/\/api.w.org\/{rel}","templated":true}]}}