{"id":4113,"date":"2023-05-29T16:15:46","date_gmt":"2023-05-29T14:15:46","guid":{"rendered":"http:\/\/www.printempsdesfragilites.com\/?p=4113"},"modified":"2024-10-06T17:00:55","modified_gmt":"2024-10-06T15:00:55","slug":"un-immense-merci-aux-etudiants","status":"publish","type":"post","link":"https:\/\/www.printempsdesfragilites.com\/index.php\/2023\/05\/29\/un-immense-merci-aux-etudiants\/","title":{"rendered":"Un immense merci aux \u00e9tudiants !"},"content":{"rendered":"\n<p>C&#8217;est un immense merci que les 90 associations du Collectif Fragilit\u00e9s en Partage adressent aux \u00e9tudiants en 1\u00e8re ann\u00e9e BTS Communication de l&#8217;Ensemble St-F\u00e9lix La Salle (Nantes). Merci pour leur enthousiasme, leur talent cr\u00e9atif et leur grande g\u00e9n\u00e9rosit\u00e9 ! Le Collectif tient aussi \u00e0 remercier le staff, dont Emmeline de Murard pour son immense patience et professionnalisme, qui a assur\u00e9 la coordination des travaux de communication, dont l&#8217;affiche officielle pr\u00e9sent\u00e9e ci-dessous, ainsi que le programme du festival et le dossier de presse. Rendez-vous le 10 juin 2023, pour le final, sur le Village des Fragilit\u00e9s !<\/p>\n\n\n\n<figure class=\"wp-block-image size-large\"><img loading=\"lazy\" decoding=\"async\" width=\"722\" height=\"1024\" src=\"http:\/\/www.printempsdesfragilites.com\/wp-content\/uploads\/2023\/05\/Affiche-officielle_Festival-Printemps-des-Fragilites_Edition-2023--722x1024.jpeg\" alt=\"\" class=\"wp-image-4114\" srcset=\"https:\/\/www.printempsdesfragilites.com\/wp-content\/uploads\/2023\/05\/Affiche-officielle_Festival-Printemps-des-Fragilites_Edition-2023--722x1024.jpeg 722w, https:\/\/www.printempsdesfragilites.com\/wp-content\/uploads\/2023\/05\/Affiche-officielle_Festival-Printemps-des-Fragilites_Edition-2023--211x300.jpeg 211w, https:\/\/www.printempsdesfragilites.com\/wp-content\/uploads\/2023\/05\/Affiche-officielle_Festival-Printemps-des-Fragilites_Edition-2023--768x1090.jpeg 768w, https:\/\/www.printempsdesfragilites.com\/wp-content\/uploads\/2023\/05\/Affiche-officielle_Festival-Printemps-des-Fragilites_Edition-2023-.jpeg 828w\" sizes=\"auto, (max-width: 722px) 100vw, 722px\" \/><\/figure>\n","protected":false},"excerpt":{"rendered":"<p>C&#8217;est un immense merci que les 90 associations du Collectif Fragilit\u00e9s en Partage adressent aux \u00e9tudiants en 1\u00e8re ann\u00e9e BTS Communication de l&#8217;Ensemble St-F\u00e9lix La Salle (Nantes). Merci pour leur enthousiasme, leur talent cr\u00e9atif et leur grande g\u00e9n\u00e9rosit\u00e9 ! Le Collectif tient aussi \u00e0 remercier le staff, dont Emmeline de Murard pour son immense patience [&hellip;]<\/p>\n","protected":false},"author":2,"featured_media":0,"comment_status":"open","ping_status":"open","sticky":false,"template":"","format":"standard","meta":{"footnotes":""},"categories":[24],"tags":[],"class_list":["post-4113","post","type-post","status-publish","format-standard","hentry","category-actualite-articles"],"_links":{"self":[{"href":"https:\/\/www.printempsdesfragilites.com\/index.php\/wp-json\/wp\/v2\/posts\/4113","targetHints":{"allow":["GET"]}}],"collection":[{"href":"https:\/\/www.printempsdesfragilites.com\/index.php\/wp-json\/wp\/v2\/posts"}],"about":[{"href":"https:\/\/www.printempsdesfragilites.com\/index.php\/wp-json\/wp\/v2\/types\/post"}],"author":[{"embeddable":true,"href":"https:\/\/www.printempsdesfragilites.com\/index.php\/wp-json\/wp\/v2\/users\/2"}],"replies":[{"embeddable":true,"href":"https:\/\/www.printempsdesfragilites.com\/index.php\/wp-json\/wp\/v2\/comments?post=4113"}],"version-history":[{"count":3,"href":"https:\/\/www.printempsdesfragilites.com\/index.php\/wp-json\/wp\/v2\/posts\/4113\/revisions"}],"predecessor-version":[{"id":4291,"href":"https:\/\/www.printempsdesfragilites.com\/index.php\/wp-json\/wp\/v2\/posts\/4113\/revisions\/4291"}],"wp:attachment":[{"href":"https:\/\/www.printempsdesfragilites.com\/index.php\/wp-json\/wp\/v2\/media?parent=4113"}],"wp:term":[{"taxonomy":"category","embeddable":true,"href":"https:\/\/www.printempsdesfragilites.com\/index.php\/wp-json\/wp\/v2\/categories?post=4113"},{"taxonomy":"post_tag","embeddable":true,"href":"https:\/\/www.printempsdesfragilites.com\/index.php\/wp-json\/wp\/v2\/tags?post=4113"}],"curies":[{"name":"wp","href":"https:\/\/api.w.org\/{rel}","templated":true}]}}