{"id":4331,"date":"2023-02-12T10:49:22","date_gmt":"2023-02-12T09:49:22","guid":{"rendered":"https:\/\/www.printempsdesfragilites.com\/?p=4331"},"modified":"2024-10-06T17:13:38","modified_gmt":"2024-10-06T15:13:38","slug":"pacte-du-pouvoir-de-vivre","status":"publish","type":"post","link":"https:\/\/www.printempsdesfragilites.com\/index.php\/2023\/02\/12\/pacte-du-pouvoir-de-vivre\/","title":{"rendered":"Pacte du pouvoir de vivre"},"content":{"rendered":"\n<figure class=\"wp-block-image size-large is-resized\"><img loading=\"lazy\" decoding=\"async\" width=\"1024\" height=\"350\" src=\"http:\/\/www.printempsdesfragilites.com\/wp-content\/uploads\/2024\/07\/Logo-pacte-du-pouvoir-de-vivre-1024x350.png\" alt=\"\" class=\"wp-image-4330\" style=\"width:auto;height:120px\" srcset=\"https:\/\/www.printempsdesfragilites.com\/wp-content\/uploads\/2024\/07\/Logo-pacte-du-pouvoir-de-vivre-1024x350.png 1024w, https:\/\/www.printempsdesfragilites.com\/wp-content\/uploads\/2024\/07\/Logo-pacte-du-pouvoir-de-vivre-300x103.png 300w, https:\/\/www.printempsdesfragilites.com\/wp-content\/uploads\/2024\/07\/Logo-pacte-du-pouvoir-de-vivre-768x262.png 768w, https:\/\/www.printempsdesfragilites.com\/wp-content\/uploads\/2024\/07\/Logo-pacte-du-pouvoir-de-vivre-1536x525.png 1536w, https:\/\/www.printempsdesfragilites.com\/wp-content\/uploads\/2024\/07\/Logo-pacte-du-pouvoir-de-vivre.png 1706w\" sizes=\"auto, (max-width: 1024px) 100vw, 1024px\" \/><\/figure>\n\n\n\n<p>Le Pacte du pouvoir de vivre est un collectif d\u2019organisations de la soci\u00e9t\u00e9 civile unies, au niveau national et local, pour porter ensemble des r\u00e9ponses aux enjeux environnementaux, sociaux, \u00e9conomiques et d\u00e9mocratiques. Le collectif est compos\u00e9 de plus de 60 membres et pr\u00e8s de 40 groupes locaux qui s\u2019appuient sur l\u2019association d\u2019animation du Pacte du pouvoir de vivre pour mener leurs actions tout au long de l\u2019ann\u00e9e.<\/p>\n\n\n\n<p><strong><mark style=\"background-color:rgba(0, 0, 0, 0);color:#e54600\" class=\"has-inline-color\">Plus d\u2019info ><\/mark> <\/strong><a href=\"https:\/\/www.pactedupouvoirdevivre.fr\/grouplocalnantes\" target=\"_blank\" rel=\"noreferrer noopener\">Pacte du pouvoir de vivre<\/a><\/p>\n","protected":false},"excerpt":{"rendered":"<p>Le Pacte du pouvoir de vivre est un collectif d\u2019organisations de la soci\u00e9t\u00e9 civile unies, au niveau national et local, pour porter ensemble des r\u00e9ponses aux enjeux environnementaux, sociaux, \u00e9conomiques et d\u00e9mocratiques. Le collectif est compos\u00e9 de plus de 60 membres et pr\u00e8s de 40 groupes locaux qui s\u2019appuient sur l\u2019association d\u2019animation du Pacte du [&hellip;]<\/p>\n","protected":false},"author":4,"featured_media":4330,"comment_status":"closed","ping_status":"closed","sticky":false,"template":"","format":"standard","meta":{"footnotes":""},"categories":[37,44],"tags":[],"class_list":["post-4331","post","type-post","status-publish","format-standard","has-post-thumbnail","hentry","category-association","category-fraternite-dans-la-societe-solidarite"],"_links":{"self":[{"href":"https:\/\/www.printempsdesfragilites.com\/index.php\/wp-json\/wp\/v2\/posts\/4331","targetHints":{"allow":["GET"]}}],"collection":[{"href":"https:\/\/www.printempsdesfragilites.com\/index.php\/wp-json\/wp\/v2\/posts"}],"about":[{"href":"https:\/\/www.printempsdesfragilites.com\/index.php\/wp-json\/wp\/v2\/types\/post"}],"author":[{"embeddable":true,"href":"https:\/\/www.printempsdesfragilites.com\/index.php\/wp-json\/wp\/v2\/users\/4"}],"replies":[{"embeddable":true,"href":"https:\/\/www.printempsdesfragilites.com\/index.php\/wp-json\/wp\/v2\/comments?post=4331"}],"version-history":[{"count":1,"href":"https:\/\/www.printempsdesfragilites.com\/index.php\/wp-json\/wp\/v2\/posts\/4331\/revisions"}],"predecessor-version":[{"id":4332,"href":"https:\/\/www.printempsdesfragilites.com\/index.php\/wp-json\/wp\/v2\/posts\/4331\/revisions\/4332"}],"wp:featuredmedia":[{"embeddable":true,"href":"https:\/\/www.printempsdesfragilites.com\/index.php\/wp-json\/wp\/v2\/media\/4330"}],"wp:attachment":[{"href":"https:\/\/www.printempsdesfragilites.com\/index.php\/wp-json\/wp\/v2\/media?parent=4331"}],"wp:term":[{"taxonomy":"category","embeddable":true,"href":"https:\/\/www.printempsdesfragilites.com\/index.php\/wp-json\/wp\/v2\/categories?post=4331"},{"taxonomy":"post_tag","embeddable":true,"href":"https:\/\/www.printempsdesfragilites.com\/index.php\/wp-json\/wp\/v2\/tags?post=4331"}],"curies":[{"name":"wp","href":"https:\/\/api.w.org\/{rel}","templated":true}]}}