{"id":4720,"date":"2024-11-04T22:19:49","date_gmt":"2024-11-04T21:19:49","guid":{"rendered":"https:\/\/www.printempsdesfragilites.com\/?p=4720"},"modified":"2024-11-11T08:54:06","modified_gmt":"2024-11-11T07:54:06","slug":"mobilisation-pour-les-droits-des-femmes-migrantes-avec-la-cimande-nantes-du-6-au-25-novembre","status":"publish","type":"post","link":"https:\/\/www.printempsdesfragilites.com\/index.php\/2024\/11\/04\/mobilisation-pour-les-droits-des-femmes-migrantes-avec-la-cimande-nantes-du-6-au-25-novembre\/","title":{"rendered":"Mobilisation pour les droits des femmes migrantes avec la Cimade Nantes, du 6 au 25 novembre"},"content":{"rendered":"\n<p><a href=\"https:\/\/www.instagram.com\/lacimadenantes\/\"><\/a><\/p>\n\n\n\n<figure class=\"wp-block-image size-full\"><img loading=\"lazy\" decoding=\"async\" width=\"932\" height=\"936\" src=\"https:\/\/www.printempsdesfragilites.com\/wp-content\/uploads\/2024\/11\/image-7.png\" alt=\"\" class=\"wp-image-4721\" srcset=\"https:\/\/www.printempsdesfragilites.com\/wp-content\/uploads\/2024\/11\/image-7.png 932w, https:\/\/www.printempsdesfragilites.com\/wp-content\/uploads\/2024\/11\/image-7-300x300.png 300w, https:\/\/www.printempsdesfragilites.com\/wp-content\/uploads\/2024\/11\/image-7-150x150.png 150w, https:\/\/www.printempsdesfragilites.com\/wp-content\/uploads\/2024\/11\/image-7-768x771.png 768w, https:\/\/www.printempsdesfragilites.com\/wp-content\/uploads\/2024\/11\/image-7-200x200.png 200w\" sizes=\"auto, (max-width: 932px) 100vw, 932px\" \/><\/figure>\n\n\n\n<p><strong>Exposition photos au bar Mon Oncle, 16 rue d&#8217;Alger 44000 Nantes, du 6 au lundi 25 novembre.<br><\/strong><br>Accrochage mercredi 6 novembre de l&#8217;exposition &#8220;L&#8217;atelier des femmes fortes&#8221;, nom du groupe form\u00e9 par 15 femmes en situation d&#8217;exil, d\u00e9cid\u00e9es \u00e0 visibiliser les violences sp\u00e9cifiques exerc\u00e9es contre celles qui sont \u00e0 la fois femmes et \u00e9trang\u00e8res. Accompagn\u00e9es par la photographe Fatoumata Diabat\u00e9, au cours d&#8217;un atelier au centre Frantz Fanon, sp\u00e9cialis\u00e9 dans la clinique de l&#8217;exil de la Cimade, elles ont \u00e9labor\u00e9 les messages et con\u00e7u la sc\u00e9nographie des visuels.<br><br>L&#8217;accrochage de l&#8217;exposition est propos\u00e9 comme une occasion de rencontrer des b\u00e9n\u00e9voles du groupe local de l&#8217;association La Cimade.<br><br>Venez d\u00e9couvrir les premiers panneaux de l&#8217;exposition, et nous rencontrer pour poser les \u00e9ventuelles questions que vous auriez \u00e0 propos des migrations et des personnes migrantes.<br><br>On vous attend nombreux \u00e0 partir de 19h !<br><br>Il n&#8217;y a pas d&#8217;\u00e9tranger sur terre \ud83c\udf0e !<br><br>Attention, le contenu de cette exposition peut heurter certaines sensibilit\u00e9s.<\/p>\n","protected":false},"excerpt":{"rendered":"<p>Exposition photos au bar Mon Oncle, 16 rue d&#8217;Alger 44000 Nantes, du 6 au lundi 25 novembre.Accrochage mercredi 6 novembre de l&#8217;exposition &#8220;L&#8217;atelier des femmes fortes&#8221;, nom du groupe form\u00e9 par 15 femmes en situation d&#8217;exil, d\u00e9cid\u00e9es \u00e0 visibiliser les violences sp\u00e9cifiques exerc\u00e9es contre celles qui sont \u00e0 la fois femmes et \u00e9trang\u00e8res. Accompagn\u00e9es par [&hellip;]<\/p>\n","protected":false},"author":2,"featured_media":4721,"comment_status":"open","ping_status":"open","sticky":false,"template":"","format":"standard","meta":{"footnotes":""},"categories":[24,147,144],"tags":[],"class_list":["post-4720","post","type-post","status-publish","format-standard","has-post-thumbnail","hentry","category-actualite-articles","category-novembre2024","category-agenda2025"],"_links":{"self":[{"href":"https:\/\/www.printempsdesfragilites.com\/index.php\/wp-json\/wp\/v2\/posts\/4720","targetHints":{"allow":["GET"]}}],"collection":[{"href":"https:\/\/www.printempsdesfragilites.com\/index.php\/wp-json\/wp\/v2\/posts"}],"about":[{"href":"https:\/\/www.printempsdesfragilites.com\/index.php\/wp-json\/wp\/v2\/types\/post"}],"author":[{"embeddable":true,"href":"https:\/\/www.printempsdesfragilites.com\/index.php\/wp-json\/wp\/v2\/users\/2"}],"replies":[{"embeddable":true,"href":"https:\/\/www.printempsdesfragilites.com\/index.php\/wp-json\/wp\/v2\/comments?post=4720"}],"version-history":[{"count":2,"href":"https:\/\/www.printempsdesfragilites.com\/index.php\/wp-json\/wp\/v2\/posts\/4720\/revisions"}],"predecessor-version":[{"id":4727,"href":"https:\/\/www.printempsdesfragilites.com\/index.php\/wp-json\/wp\/v2\/posts\/4720\/revisions\/4727"}],"wp:featuredmedia":[{"embeddable":true,"href":"https:\/\/www.printempsdesfragilites.com\/index.php\/wp-json\/wp\/v2\/media\/4721"}],"wp:attachment":[{"href":"https:\/\/www.printempsdesfragilites.com\/index.php\/wp-json\/wp\/v2\/media?parent=4720"}],"wp:term":[{"taxonomy":"category","embeddable":true,"href":"https:\/\/www.printempsdesfragilites.com\/index.php\/wp-json\/wp\/v2\/categories?post=4720"},{"taxonomy":"post_tag","embeddable":true,"href":"https:\/\/www.printempsdesfragilites.com\/index.php\/wp-json\/wp\/v2\/tags?post=4720"}],"curies":[{"name":"wp","href":"https:\/\/api.w.org\/{rel}","templated":true}]}}