{"id":4869,"date":"2025-02-10T19:44:51","date_gmt":"2025-02-10T18:44:51","guid":{"rendered":"https:\/\/www.printempsdesfragilites.com\/?p=4869"},"modified":"2025-04-24T21:50:11","modified_gmt":"2025-04-24T19:50:11","slug":"nouvelle-creation-durban-voices-2025","status":"publish","type":"post","link":"https:\/\/www.printempsdesfragilites.com\/index.php\/2025\/02\/10\/nouvelle-creation-durban-voices-2025\/","title":{"rendered":"Nouvelle cr\u00e9ation d&#8217;Urban Voices 2025"},"content":{"rendered":"\n<p><strong>UrbanVoices 2025, c\u2019est une toute nouvelle cr\u00e9ation<\/strong> :<br>\ud83d\udc49 <strong>Un nouveau r\u00e9pertoire<\/strong>, compos\u00e9 et arrang\u00e9 sp\u00e9cialement pour cette \u00e9dition,<br>\ud83d\udc49 <strong>Une nouvelle \u00e9quipe d\u2019artistes br\u00e9siliens<\/strong>, invit\u00e9s \u00e0 Nantes,<br>\ud83d\udc49 <strong>Un nouveau spectacle<\/strong> qui n\u2019a jamais \u00e9t\u00e9 jou\u00e9 et qui existera seulement gr\u00e2ce \u00e0 vous.\u00a0<strong>Non, ce n\u2019est pas \u201cla suite\u201d de l\u2019an dernier.<\/strong><br><a href=\"https:\/\/clicks.aweber.com\/y\/ct\/?l=KBSzEn&amp;m=iWvY9EvB0ItOlAU&amp;b=4iMAA5iqqHdJzU3QR.ghsQ\" target=\"_blank\" rel=\"noreferrer noopener\"><mark style=\"background-color:rgba(0, 0, 0, 0)\" class=\"has-inline-color has-vivid-cyan-blue-color\">C\u2019est une nouvelle aventure<\/mark><\/a>, une nouvelle page blanche, un ch\u0153ur \u00e0 r\u00e9inventer ensemble. <strong>R\u00e9p\u00e9titions d\u00e8s le 7 mai<\/strong><br>\ud83c\udfb6 Vous avez 2 mois pour apprendre, chanter et partager,<br>\ud83c\udfad Et 4 concerts \u00e0 vivre les 5 &amp; 6 juillet au Parc des Expositions\u00a0de Nantes.\u00a0<\/p>\n\n\n\n<figure class=\"wp-block-image size-large is-resized\"><img loading=\"lazy\" decoding=\"async\" width=\"721\" height=\"1024\" src=\"http:\/\/www.printempsdesfragilites.com\/wp-content\/uploads\/2025\/04\/Calendrier_UV_2025_-721x1024.jpg\" alt=\"\" class=\"wp-image-4870\" style=\"width:597px;height:auto\" srcset=\"https:\/\/www.printempsdesfragilites.com\/wp-content\/uploads\/2025\/04\/Calendrier_UV_2025_-721x1024.jpg 721w, https:\/\/www.printempsdesfragilites.com\/wp-content\/uploads\/2025\/04\/Calendrier_UV_2025_-211x300.jpg 211w, https:\/\/www.printempsdesfragilites.com\/wp-content\/uploads\/2025\/04\/Calendrier_UV_2025_-768x1090.jpg 768w, https:\/\/www.printempsdesfragilites.com\/wp-content\/uploads\/2025\/04\/Calendrier_UV_2025_-1082x1536.jpg 1082w, https:\/\/www.printempsdesfragilites.com\/wp-content\/uploads\/2025\/04\/Calendrier_UV_2025_.jpg 1409w\" sizes=\"auto, (max-width: 721px) 100vw, 721px\" \/><\/figure>\n\n\n\n<p><strong>Nous b\u00e9n\u00e9ficions cette ann\u00e9e des plus grandes salles de r\u00e9p\u00e9tition <\/strong>et pour la premi\u00e8re fois,<strong> notre final se tiendra au Parc des Expositions, <\/strong>un lieu id\u00e9al pour r\u00e9unir choristes, musiciens et public.\ud83c\udf9f\ufe0f <strong>Les inscriptions sont toujours ouvertes et les r\u00e9p\u00e9titions approchent.<\/strong>\ud83d\udccd Tous les d\u00e9tails + inscription en 2 minutes ici : <a href=\"https:\/\/clicks.aweber.com\/y\/ct\/?l=KBSzEn&amp;m=iWvY9EvB0ItOlAU&amp;b=zCBmrk79O4WOq33itXQySg\" target=\"_blank\" rel=\"noreferrer noopener\">\ud83d\udc49 <mark style=\"background-color:rgba(0, 0, 0, 0)\" class=\"has-inline-color has-vivid-cyan-blue-color\">INSCRIVEZ-VOUS MAINTENANT<\/mark><\/a> &nbsp;<\/p>\n\n\n\n<p><strong>Cette ann\u00e9e, tout est nouveau.&nbsp;Sauf une chose : la joie de chanter ensemble.&nbsp;<\/strong><\/p>\n\n\n\n<p><br>&nbsp; <a href=\"https:\/\/clicks.aweber.com\/y\/ct\/?l=KBSzEn&amp;m=iWvY9EvB0ItOlAU&amp;b=Pqd_u703KBNta03ojPuk8Q\" target=\"_blank\" rel=\"noreferrer noopener\"><\/a> &nbsp;\ud83c\udf0d <strong>\ud83c\udfb6 LES ARTISTES INVIT\u00c9S<\/strong><\/p>\n\n\n\n<p>\ud83c\udfb5 <strong>Fernando Del Papa<\/strong> \u2013 Directeur musical, chanteur, compositeur<br>\ud83c\udfb5 <strong>Dilma Oliveira<\/strong> \u2013 Chanteuse<br>\ud83c\udfb5 <strong>Ella Beatriz<\/strong> \u2013 Chanteuse et guitariste<br>\ud83e\udd41 <strong>Bruno Barreto<\/strong> \u2013 Chanteur, percussionniste<br>\ud83e\udd41 <strong>Douglas Alonso<\/strong> \u2013 Batteur et percussionniste<br>\ud83e\udd41 <strong>Boca Rum<\/strong> \u2013 Percussionniste<br>\ud83e\udd41 <strong>Jo\u00e3o Cavalcanti<\/strong> \u2013 Chanteur, percussionnist &nbsp;&nbsp; <\/p>\n\n\n\n<p><strong>\ud83d\udce2 APPEL \u00c0 B\u00c9N\u00c9VOLES \u2013 DISTRIBUTION DE FLYERS<\/strong><br>\u00a0Vous avez envie de donner un coup de main \u00e0 UrbanVoices ?<br>Nous recherchons des b\u00e9n\u00e9voles pour distribuer des flyers et faire conna\u00eetre le projet autour de vous.<br><strong>Venez nous aider \u00e0 distribuer des flyers sur les march\u00e9s de Talensac et de la Petite-Hollande le samedi 26 avril 2025, de 10h \u00e0 midi. <\/strong><a href=\"https:\/\/clicks.aweber.com\/y\/ct\/?l=KBSzEn&amp;m=iWvY9EvB0ItOlAU&amp;b=6Dnz6pKPn_J6mkkVbRsgHg\" target=\"_blank\" rel=\"noreferrer noopener\"><mark style=\"background-color:rgba(0, 0, 0, 0)\" class=\"has-inline-color has-vivid-cyan-blue-color\">Inscriptions b\u00e9n\u00e9voles march\u00e9s<\/mark><\/a>\u00a0Vous pouvez aussi venir r\u00e9cup\u00e9rer des flyers au bureau de l\u2019association, situ\u00e9 au <a href=\"https:\/\/www.google.com\/maps\/search\/32+boulevard+Victor+Hugo,+Nantes+(44200?entry=gmail&amp;source=g\" target=\"_blank\" rel=\"noreferrer noopener\"><mark style=\"background-color:rgba(0, 0, 0, 0)\" class=\"has-inline-color has-vivid-cyan-blue-color\">32 boulevard Victor Hugo, Nantes (44200)<\/mark><\/a><strong>.<\/strong><br><strong>Accueil ouvert les lundis, mardis, jeudis et vendredis de 11h \u00e0 16h.<\/strong>\u00a0<\/p>\n\n\n\n<p><strong>\ud83d\udce2 APPEL \u00c0 B\u00c9N\u00c9VOLES \u2013 ACCUEIL CHORISTES<\/strong>&nbsp;<strong>Venez nous aider \u00e0 l&#8217;accueil des choristes, la distribution des cartes et livrets de chants tous les jours de r\u00e9p\u00e9tition du premier cycle de 18h \u00e0 19h du mercredi au vendredi et de 14h \u00e0 15h le samedi et le dimanche.<\/strong><br><a href=\"https:\/\/clicks.aweber.com\/y\/ct\/?l=KBSzEn&amp;m=iWvY9EvB0ItOlAU&amp;b=ygbdUunzoZvNzbFb5eCE8Q\" target=\"_blank\" rel=\"noreferrer noopener\"><mark style=\"background-color:rgba(0, 0, 0, 0)\" class=\"has-inline-color has-vivid-cyan-blue-color\">Inscription b\u00e9n\u00e9voles r\u00e9p\u00e9titions<\/mark>&nbsp;<\/a>&nbsp;&nbsp;Merci pour votre soutien et votre \u00e9nergie !&nbsp;Ensemble, faisons rayonner Urban Voices.<\/p>\n\n\n\n<p><\/p>\n","protected":false},"excerpt":{"rendered":"<p>UrbanVoices 2025, c\u2019est une toute nouvelle cr\u00e9ation :\ud83d\udc49 Un nouveau r\u00e9pertoire, compos\u00e9 et arrang\u00e9 sp\u00e9cialement pour cette \u00e9dition,\ud83d\udc49 Une nouvelle \u00e9quipe d\u2019artistes br\u00e9siliens, invit\u00e9s \u00e0 Nantes,\ud83d\udc49 Un nouveau spectacle qui n\u2019a jamais \u00e9t\u00e9 jou\u00e9 et qui existera seulement gr\u00e2ce \u00e0 vous.\u00a0Non, ce n\u2019est pas \u201cla suite\u201d de l\u2019an dernier.C\u2019est une nouvelle aventure, une nouvelle page [&hellip;]<\/p>\n","protected":false},"author":4,"featured_media":4870,"comment_status":"closed","ping_status":"closed","sticky":false,"template":"","format":"standard","meta":{"footnotes":""},"categories":[24,153,144],"tags":[],"class_list":["post-4869","post","type-post","status-publish","format-standard","has-post-thumbnail","hentry","category-actualite-articles","category-mai2025","category-agenda2025"],"_links":{"self":[{"href":"https:\/\/www.printempsdesfragilites.com\/index.php\/wp-json\/wp\/v2\/posts\/4869","targetHints":{"allow":["GET"]}}],"collection":[{"href":"https:\/\/www.printempsdesfragilites.com\/index.php\/wp-json\/wp\/v2\/posts"}],"about":[{"href":"https:\/\/www.printempsdesfragilites.com\/index.php\/wp-json\/wp\/v2\/types\/post"}],"author":[{"embeddable":true,"href":"https:\/\/www.printempsdesfragilites.com\/index.php\/wp-json\/wp\/v2\/users\/4"}],"replies":[{"embeddable":true,"href":"https:\/\/www.printempsdesfragilites.com\/index.php\/wp-json\/wp\/v2\/comments?post=4869"}],"version-history":[{"count":4,"href":"https:\/\/www.printempsdesfragilites.com\/index.php\/wp-json\/wp\/v2\/posts\/4869\/revisions"}],"predecessor-version":[{"id":4875,"href":"https:\/\/www.printempsdesfragilites.com\/index.php\/wp-json\/wp\/v2\/posts\/4869\/revisions\/4875"}],"wp:featuredmedia":[{"embeddable":true,"href":"https:\/\/www.printempsdesfragilites.com\/index.php\/wp-json\/wp\/v2\/media\/4870"}],"wp:attachment":[{"href":"https:\/\/www.printempsdesfragilites.com\/index.php\/wp-json\/wp\/v2\/media?parent=4869"}],"wp:term":[{"taxonomy":"category","embeddable":true,"href":"https:\/\/www.printempsdesfragilites.com\/index.php\/wp-json\/wp\/v2\/categories?post=4869"},{"taxonomy":"post_tag","embeddable":true,"href":"https:\/\/www.printempsdesfragilites.com\/index.php\/wp-json\/wp\/v2\/tags?post=4869"}],"curies":[{"name":"wp","href":"https:\/\/api.w.org\/{rel}","templated":true}]}}