{"id":5130,"date":"2025-07-07T12:01:04","date_gmt":"2025-07-07T10:01:04","guid":{"rendered":"https:\/\/www.printempsdesfragilites.com\/?p=5130"},"modified":"2025-10-19T12:11:16","modified_gmt":"2025-10-19T10:11:16","slug":"rencontre-un-livre-un-debat-la-vie-a-t-elle-une-valeur","status":"publish","type":"post","link":"https:\/\/www.printempsdesfragilites.com\/index.php\/2025\/07\/07\/rencontre-un-livre-un-debat-la-vie-a-t-elle-une-valeur\/","title":{"rendered":"Rencontre Un livre \/ un d\u00e9bat : la vie a-t-elle une valeur ?"},"content":{"rendered":"\n<p>Le mardi 7 octobre \u00e0 18h au Passage Sainte Croix, venez d\u00e9battre avec le philosophe Francis Wolff dans le cadre des rencontres Un livre \/ un d\u00e9bat.<\/p>\n\n\n\n<p>Les hommes sont des \u00eatres vivants menac\u00e9s comme tous les autres par le d\u00e9sastre \u00e9cologique. Mais la vie a-t-elle une valeur en soi ? \u00c0 rebours de bien des penseurs de l\u2019\u00e9cologie, Francis Wolff d\u00e9fend la sp\u00e9cificit\u00e9 humaine. L\u2019humanit\u00e9 est la seule esp\u00e8ce \u00e0 avoir un point de vue global sur la crise en cours. Ce qui conf\u00e8re \u00e0 l\u2019homme le statut de gardien de la Terre.<br><br>Un livre \/ un d\u00e9bat est un rendez-vous mensuel qui permet de rencontrer et d\u2019\u00e9changer avec l\u2019auteur d\u2019un livre r\u00e9cent dont le sujet est susceptible d\u2019ouvrir la r\u00e9flexion commune et le dialogue.<\/p>\n\n\n\n<p>Prochains rendez-vous :<br>6 novembre \u00e0 18h | La fragilit\u00e9 humaine<br>avec J\u00e9r\u00f4me Por\u00e9e<br>16 d\u00e9cembre \u00e0 18h | De la la\u00efcit\u00e9 en France<br>avec Patrick Weil<br>14 janvier \u00e0 18h | Une religion parmi d\u2019autres<br>avec C\u00e9line B\u00e9raud<br><\/p>\n","protected":false},"excerpt":{"rendered":"<p>Le mardi 7 octobre \u00e0 18h au Passage Sainte Croix, venez d\u00e9battre avec le philosophe Francis Wolff dans le cadre des rencontres Un livre \/ un d\u00e9bat. Les hommes sont des \u00eatres vivants menac\u00e9s comme tous les autres par le d\u00e9sastre \u00e9cologique. Mais la vie a-t-elle une valeur en soi ? \u00c0 rebours de bien [&hellip;]<\/p>\n","protected":false},"author":4,"featured_media":5132,"comment_status":"open","ping_status":"open","sticky":false,"template":"","format":"standard","meta":{"footnotes":""},"categories":[24,160,144],"tags":[],"class_list":["post-5130","post","type-post","status-publish","format-standard","has-post-thumbnail","hentry","category-actualite-articles","category-octobre-2025","category-agenda2025"],"_links":{"self":[{"href":"https:\/\/www.printempsdesfragilites.com\/index.php\/wp-json\/wp\/v2\/posts\/5130","targetHints":{"allow":["GET"]}}],"collection":[{"href":"https:\/\/www.printempsdesfragilites.com\/index.php\/wp-json\/wp\/v2\/posts"}],"about":[{"href":"https:\/\/www.printempsdesfragilites.com\/index.php\/wp-json\/wp\/v2\/types\/post"}],"author":[{"embeddable":true,"href":"https:\/\/www.printempsdesfragilites.com\/index.php\/wp-json\/wp\/v2\/users\/4"}],"replies":[{"embeddable":true,"href":"https:\/\/www.printempsdesfragilites.com\/index.php\/wp-json\/wp\/v2\/comments?post=5130"}],"version-history":[{"count":1,"href":"https:\/\/www.printempsdesfragilites.com\/index.php\/wp-json\/wp\/v2\/posts\/5130\/revisions"}],"predecessor-version":[{"id":5131,"href":"https:\/\/www.printempsdesfragilites.com\/index.php\/wp-json\/wp\/v2\/posts\/5130\/revisions\/5131"}],"wp:featuredmedia":[{"embeddable":true,"href":"https:\/\/www.printempsdesfragilites.com\/index.php\/wp-json\/wp\/v2\/media\/5132"}],"wp:attachment":[{"href":"https:\/\/www.printempsdesfragilites.com\/index.php\/wp-json\/wp\/v2\/media?parent=5130"}],"wp:term":[{"taxonomy":"category","embeddable":true,"href":"https:\/\/www.printempsdesfragilites.com\/index.php\/wp-json\/wp\/v2\/categories?post=5130"},{"taxonomy":"post_tag","embeddable":true,"href":"https:\/\/www.printempsdesfragilites.com\/index.php\/wp-json\/wp\/v2\/tags?post=5130"}],"curies":[{"name":"wp","href":"https:\/\/api.w.org\/{rel}","templated":true}]}}