{"id":5168,"date":"2025-12-12T13:37:01","date_gmt":"2025-12-12T12:37:01","guid":{"rendered":"https:\/\/www.printempsdesfragilites.com\/?p=5168"},"modified":"2025-12-13T13:40:11","modified_gmt":"2025-12-13T12:40:11","slug":"oasis-ivoirienne-a-montpellier","status":"publish","type":"post","link":"https:\/\/www.printempsdesfragilites.com\/index.php\/2025\/12\/12\/oasis-ivoirienne-a-montpellier\/","title":{"rendered":"Oasis ivoirienne \u00e0 Montpellier"},"content":{"rendered":"\n<p><em>Dans le cadre du projet ANR \u201cOasis de Fraternit\u00e9\u201d<\/em><\/p>\n\n\n\n<p>\ud83d\udcc5 <strong>Samedi 06 d\u00e9cembre 2025<\/strong><br>\ud83d\udd52 <strong>15h \u00e0 22h<\/strong><br>\ud83d\udccd <strong><a href=\"https:\/\/www.google.com\/maps\/place\/Salle+Fernand+Pelloutier+-+Maison+des+Syndicats\/@43.6083366,3.8885134,545m\/data=!3m2!1e3!4b1!4m6!3m5!1s0x12b6af9e7686811b:0x26d73c6bf94fc43f!8m2!3d43.6083327!4d3.8910883!16s%2Fg%2F11bxjk9m3c?entry=ttu&amp;g_ep=EgoyMDI1MTEyMy4xIKXMDSoASAFQAw%3D%3D\" target=\"_blank\" rel=\"noreferrer noopener\">Salle Ferdinand Pelloutier<\/a>, Montpellier<\/strong><br>(Sous la M\u00e9tropole Montpelli\u00e9raine \u2013 Tram L1, arr\u00eat L\u00e9on Blum)<\/p>\n\n\n\n<p>\ud83c\udf89 <strong>LIBRE et GRATUIT<\/strong><br>Venez comme vous \u00eates et invitez vos proches !<\/p>\n\n\n\n<figure class=\"wp-block-image size-large is-resized\"><img loading=\"lazy\" decoding=\"async\" width=\"724\" height=\"1024\" src=\"http:\/\/www.printempsdesfragilites.com\/wp-content\/uploads\/2025\/12\/AFFICHE-EVENT-06-DECEMBRE-V3-724x1024.jpg\" alt=\"\" class=\"wp-image-5167\" style=\"width:469px;height:auto\" srcset=\"https:\/\/www.printempsdesfragilites.com\/wp-content\/uploads\/2025\/12\/AFFICHE-EVENT-06-DECEMBRE-V3-724x1024.jpg 724w, https:\/\/www.printempsdesfragilites.com\/wp-content\/uploads\/2025\/12\/AFFICHE-EVENT-06-DECEMBRE-V3-212x300.jpg 212w, https:\/\/www.printempsdesfragilites.com\/wp-content\/uploads\/2025\/12\/AFFICHE-EVENT-06-DECEMBRE-V3-768x1086.jpg 768w, https:\/\/www.printempsdesfragilites.com\/wp-content\/uploads\/2025\/12\/AFFICHE-EVENT-06-DECEMBRE-V3-1086x1536.jpg 1086w, https:\/\/www.printempsdesfragilites.com\/wp-content\/uploads\/2025\/12\/AFFICHE-EVENT-06-DECEMBRE-V3-1448x2048.jpg 1448w, https:\/\/www.printempsdesfragilites.com\/wp-content\/uploads\/2025\/12\/AFFICHE-EVENT-06-DECEMBRE-V3.jpg 1655w\" sizes=\"auto, (max-width: 724px) 100vw, 724px\" \/><\/figure>\n\n\n\n<h2 class=\"wp-block-heading\"><strong>Au programme de cette rencontre conviviale :<\/strong><\/h2>\n\n\n\n<p>\u2728 <strong>Friperie Fraternelle<\/strong><br>D\u00e9nichez de belles pi\u00e8ces d\u2019occasion (avec <em>Tibouchines Recyclerie<\/em>).<\/p>\n\n\n\n<p>\ud83d\udcda <strong>\u201cDites-le avec un livre\u201d<\/strong><br>Partagez autour d\u2019un livre, un po\u00e8me, un texte qui \u00e9voque la fraternit\u00e9.<\/p>\n\n\n\n<p>\ud83c\udfa8 <strong>Fresque de la Fraternit\u00e9<\/strong><br>Contribuez \u00e0 une \u0153uvre collective avec l\u2019artiste <strong>Myriam Soufane<\/strong>.<\/p>\n\n\n\n<p>\ud83c\udf7d\ufe0f <strong>Repas Partag\u00e9<\/strong><br>Apportez votre plat pr\u00e9f\u00e9r\u00e9 pour un moment gourmand et chaleureux !<\/p>\n\n\n\n<hr class=\"wp-block-separator has-alpha-channel-opacity\"\/>\n\n\n\n<p>Un \u00e9v\u00e9nement <strong>ouvert \u00e0 toutes et tous<\/strong>, id\u00e9al pour rencontrer, \u00e9changer et c\u00e9l\u00e9brer la fraternit\u00e9.<\/p>\n","protected":false},"excerpt":{"rendered":"<p>Dans le cadre du projet ANR \u201cOasis de Fraternit\u00e9\u201d \ud83d\udcc5 Samedi 06 d\u00e9cembre 2025\ud83d\udd52 15h \u00e0 22h\ud83d\udccd Salle Ferdinand Pelloutier, Montpellier(Sous la M\u00e9tropole Montpelli\u00e9raine \u2013 Tram L1, arr\u00eat L\u00e9on Blum) \ud83c\udf89 LIBRE et GRATUITVenez comme vous \u00eates et invitez vos proches ! Au programme de cette rencontre conviviale : \u2728 Friperie FraternelleD\u00e9nichez de belles pi\u00e8ces [&hellip;]<\/p>\n","protected":false},"author":4,"featured_media":5167,"comment_status":"open","ping_status":"open","sticky":false,"template":"","format":"standard","meta":{"footnotes":""},"categories":[24,161,144],"tags":[],"class_list":["post-5168","post","type-post","status-publish","format-standard","has-post-thumbnail","hentry","category-actualite-articles","category-decembre-2025","category-agenda2025"],"_links":{"self":[{"href":"https:\/\/www.printempsdesfragilites.com\/index.php\/wp-json\/wp\/v2\/posts\/5168","targetHints":{"allow":["GET"]}}],"collection":[{"href":"https:\/\/www.printempsdesfragilites.com\/index.php\/wp-json\/wp\/v2\/posts"}],"about":[{"href":"https:\/\/www.printempsdesfragilites.com\/index.php\/wp-json\/wp\/v2\/types\/post"}],"author":[{"embeddable":true,"href":"https:\/\/www.printempsdesfragilites.com\/index.php\/wp-json\/wp\/v2\/users\/4"}],"replies":[{"embeddable":true,"href":"https:\/\/www.printempsdesfragilites.com\/index.php\/wp-json\/wp\/v2\/comments?post=5168"}],"version-history":[{"count":1,"href":"https:\/\/www.printempsdesfragilites.com\/index.php\/wp-json\/wp\/v2\/posts\/5168\/revisions"}],"predecessor-version":[{"id":5169,"href":"https:\/\/www.printempsdesfragilites.com\/index.php\/wp-json\/wp\/v2\/posts\/5168\/revisions\/5169"}],"wp:featuredmedia":[{"embeddable":true,"href":"https:\/\/www.printempsdesfragilites.com\/index.php\/wp-json\/wp\/v2\/media\/5167"}],"wp:attachment":[{"href":"https:\/\/www.printempsdesfragilites.com\/index.php\/wp-json\/wp\/v2\/media?parent=5168"}],"wp:term":[{"taxonomy":"category","embeddable":true,"href":"https:\/\/www.printempsdesfragilites.com\/index.php\/wp-json\/wp\/v2\/categories?post=5168"},{"taxonomy":"post_tag","embeddable":true,"href":"https:\/\/www.printempsdesfragilites.com\/index.php\/wp-json\/wp\/v2\/tags?post=5168"}],"curies":[{"name":"wp","href":"https:\/\/api.w.org\/{rel}","templated":true}]}}