{"id":904,"date":"2021-04-04T16:55:35","date_gmt":"2021-04-04T14:55:35","guid":{"rendered":"http:\/\/www.printempsdesfragilites.com\/?p=904"},"modified":"2024-10-06T17:20:25","modified_gmt":"2024-10-06T15:20:25","slug":"deuxieme-article-dactualite","status":"publish","type":"post","link":"https:\/\/www.printempsdesfragilites.com\/index.php\/2021\/04\/04\/deuxieme-article-dactualite\/","title":{"rendered":"Autisme, la vie dans une bulle"},"content":{"rendered":"\n<p>Nous avons \u00e9t\u00e9 tr\u00e8s touch\u00e9.es par le documentaire sign\u00e9 \u00c9lizabeth Tchoungui \u00ab&nbsp;Autisme, mon enfant ma bataille&nbsp;\u00bb, diffus\u00e9 le 30 mars, dans l&#8217;\u00e9mission \u00ab&nbsp;Le Monde en face&nbsp;\u00bb sur France&nbsp;5. Si les causes des troubles autistiques sont encore floues et les parents toujours d\u00e9sempar\u00e9s face \u00e0 des enfants auxquels la soci\u00e9t\u00e9 ne fait aucune place, la journaliste Marina Carr\u00e8re d\u2019Encausse nous invite \u00e0 comprendre ce qui ce passe dans&nbsp;cette bulle trop herm\u00e9tique de l\u2019autisme. A voir et \u00e0 revoir ! <\/p>\n\n\n\n<p><a href=\"https:\/\/www.francetelevisions.fr\/et-vous\/notre-tele\/a-ne-pas-manquer\/le-monde-en-face-autisme-5745\">https:\/\/www.francetelevisions.fr\/et-vous\/notre-tele\/a-ne-pas-manquer\/le-monde-en-face-autisme-5745<\/a><\/p>\n","protected":false},"excerpt":{"rendered":"<p>\u00ab Autisme, mon enfant ma bataille \u00bb.<br \/>\n\u00a9 Si\u00e8cle Productions<\/p>\n","protected":false},"author":2,"featured_media":0,"comment_status":"closed","ping_status":"closed","sticky":false,"template":"","format":"standard","meta":{"footnotes":""},"categories":[24],"tags":[],"class_list":["post-904","post","type-post","status-publish","format-standard","hentry","category-actualite-articles"],"_links":{"self":[{"href":"https:\/\/www.printempsdesfragilites.com\/index.php\/wp-json\/wp\/v2\/posts\/904","targetHints":{"allow":["GET"]}}],"collection":[{"href":"https:\/\/www.printempsdesfragilites.com\/index.php\/wp-json\/wp\/v2\/posts"}],"about":[{"href":"https:\/\/www.printempsdesfragilites.com\/index.php\/wp-json\/wp\/v2\/types\/post"}],"author":[{"embeddable":true,"href":"https:\/\/www.printempsdesfragilites.com\/index.php\/wp-json\/wp\/v2\/users\/2"}],"replies":[{"embeddable":true,"href":"https:\/\/www.printempsdesfragilites.com\/index.php\/wp-json\/wp\/v2\/comments?post=904"}],"version-history":[{"count":5,"href":"https:\/\/www.printempsdesfragilites.com\/index.php\/wp-json\/wp\/v2\/posts\/904\/revisions"}],"predecessor-version":[{"id":1942,"href":"https:\/\/www.printempsdesfragilites.com\/index.php\/wp-json\/wp\/v2\/posts\/904\/revisions\/1942"}],"wp:attachment":[{"href":"https:\/\/www.printempsdesfragilites.com\/index.php\/wp-json\/wp\/v2\/media?parent=904"}],"wp:term":[{"taxonomy":"category","embeddable":true,"href":"https:\/\/www.printempsdesfragilites.com\/index.php\/wp-json\/wp\/v2\/categories?post=904"},{"taxonomy":"post_tag","embeddable":true,"href":"https:\/\/www.printempsdesfragilites.com\/index.php\/wp-json\/wp\/v2\/tags?post=904"}],"curies":[{"name":"wp","href":"https:\/\/api.w.org\/{rel}","templated":true}]}}