{"id":906,"date":"2021-04-04T16:57:09","date_gmt":"2021-04-04T14:57:09","guid":{"rendered":"http:\/\/www.printempsdesfragilites.com\/?p=906"},"modified":"2024-10-06T17:20:22","modified_gmt":"2024-10-06T15:20:22","slug":"troisieme-article-dactualite","status":"publish","type":"post","link":"https:\/\/www.printempsdesfragilites.com\/index.php\/2021\/04\/04\/troisieme-article-dactualite\/","title":{"rendered":"Rendez-vous d\u00e8s le 26 mai pour les avant-premi\u00e8res, puis du 19 juin au 3 juillet 2021 !"},"content":{"rendered":"\n<p>C&#8217;est officiel depuis le 5 avril 2021. Le Festival &#8220;Printemps des Fragilit\u00e9s&#8221;, dont l&#8217;\u00e9dition avait d&#8217;abord \u00e9t\u00e9 programm\u00e9e au printemps 2020, revient donc&#8230; en force ! Avec de nouvelles dates : la quinzaine des 62 associations se d\u00e9roulera du 19 juin au 3 juillet 2021. Des avant-premi\u00e8res auront lieu d\u00e8s le 26 mai. Enfin, le &#8220;Village des Fragilit\u00e9s&#8221; se tiendra, sur l&#8217;Ile des Machines, \u00e0 Nantes, le 3 juillet 2021 :  on vous attend des plus nombreux ! <\/p>\n","protected":false},"excerpt":{"rendered":"<p>C&#8217;est officiel depuis le 5 avril 2021. Le Festival &#8220;Printemps des Fragilit\u00e9s&#8221;, dont l&#8217;\u00e9dition avait d&#8217;abord \u00e9t\u00e9 programm\u00e9e au printemps 2020, revient donc&#8230; en force ! Avec de nouvelles dates : la quinzaine des 62 associations se d\u00e9roulera du 19 juin au 3 juillet 2021. Des avant-premi\u00e8res auront lieu d\u00e8s le 26 mai. Enfin, le [&hellip;]<\/p>\n","protected":false},"author":2,"featured_media":1100,"comment_status":"closed","ping_status":"closed","sticky":false,"template":"","format":"standard","meta":{"footnotes":""},"categories":[24,25],"tags":[],"class_list":["post-906","post","type-post","status-publish","format-standard","has-post-thumbnail","hentry","category-actualite-articles","category-presse-articles"],"_links":{"self":[{"href":"https:\/\/www.printempsdesfragilites.com\/index.php\/wp-json\/wp\/v2\/posts\/906","targetHints":{"allow":["GET"]}}],"collection":[{"href":"https:\/\/www.printempsdesfragilites.com\/index.php\/wp-json\/wp\/v2\/posts"}],"about":[{"href":"https:\/\/www.printempsdesfragilites.com\/index.php\/wp-json\/wp\/v2\/types\/post"}],"author":[{"embeddable":true,"href":"https:\/\/www.printempsdesfragilites.com\/index.php\/wp-json\/wp\/v2\/users\/2"}],"replies":[{"embeddable":true,"href":"https:\/\/www.printempsdesfragilites.com\/index.php\/wp-json\/wp\/v2\/comments?post=906"}],"version-history":[{"count":5,"href":"https:\/\/www.printempsdesfragilites.com\/index.php\/wp-json\/wp\/v2\/posts\/906\/revisions"}],"predecessor-version":[{"id":2002,"href":"https:\/\/www.printempsdesfragilites.com\/index.php\/wp-json\/wp\/v2\/posts\/906\/revisions\/2002"}],"wp:featuredmedia":[{"embeddable":true,"href":"https:\/\/www.printempsdesfragilites.com\/index.php\/wp-json\/wp\/v2\/media\/1100"}],"wp:attachment":[{"href":"https:\/\/www.printempsdesfragilites.com\/index.php\/wp-json\/wp\/v2\/media?parent=906"}],"wp:term":[{"taxonomy":"category","embeddable":true,"href":"https:\/\/www.printempsdesfragilites.com\/index.php\/wp-json\/wp\/v2\/categories?post=906"},{"taxonomy":"post_tag","embeddable":true,"href":"https:\/\/www.printempsdesfragilites.com\/index.php\/wp-json\/wp\/v2\/tags?post=906"}],"curies":[{"name":"wp","href":"https:\/\/api.w.org\/{rel}","templated":true}]}}